{"id":1857,"date":"2022-09-23T06:15:24","date_gmt":"2022-09-23T06:15:24","guid":{"rendered":"https:\/\/www.easp.es\/web\/bimbela\/?p=1857"},"modified":"2022-09-23T06:15:24","modified_gmt":"2022-09-23T06:15:24","slug":"adios-verano-del-veintidos","status":"publish","type":"post","link":"https:\/\/www.easp.es\/web\/bimbela\/2022\/09\/adios-verano-del-veintidos\/","title":{"rendered":"ADI\u00d3S&#8230; VERANO DEL VEINTID\u00d3S."},"content":{"rendered":"<p>HA LLEGADO EL <strong><span style=\"color: #993300\">OTO\u00d1O<\/span><\/strong>.<\/p>\n<p>Y ME GUSTAR\u00cdA DESPEDIRME DE ESTE <strong><span style=\"color: #0000ff\">VERANO DEL 22<\/span><\/strong>, TAN INTENSO Y LLENO DE EMOCIONES, CON UN <strong>REGALO<\/strong> MUY ESPECIAL PARA LAS LECTORES Y LOS LECTORES DE ESTE BLOG.<\/p>\n<p>PESE A MI TRIPLE VACUNACI\u00d3N, PESE A MI OBSESIVO MANTENIMIENTO DE LAS MEDIDAS PREVENTIVAS&#8230; EN JULIO DI POSITIVO EN EL TEST DE\u00a0 ANT\u00cdGENOS PARA LA <span style=\"color: #ff0000\"><strong>COVID-19<\/strong><\/span>.<\/p>\n<p>Y COMPROB\u00c9, UNA VEZ M\u00c1S EN MI VIDA, LO ENORMEMENTE SANADOR QUE RESULTA ESCRIBIR, RELATAR, TRANSFORMAR EN UNA <strong><span style=\"color: #0000ff\">NARRACI\u00d3N<\/span><\/strong> LO OCURRIDO, LO PENSADO, LO SENTIDO&#8230;<\/p>\n<p>AQU\u00cd OS ADJUNTO LA NARRACI\u00d3N QUE ME PERMITI\u00d3 GESTIONAR SALUDABLEMENTE UNA SITUACI\u00d3N INESPERADA, TEMIDA E INCIERTA:<\/p>\n<p><a href=\"https:\/\/www.easp.es\/web\/bimbela\/wp-content\/uploads\/sites\/3\/2022\/09\/Y-en-la-septima-ola...-2.pdf\">Y en la s\u00e9ptima ola&#8230; <\/a><\/p>\n<p>CON UN ABRAZO ENORME DESDE GRANADA, LLENO DE TERNURA Y ENERG\u00cdA<\/p>\n<p>Jos\u00e9 Luis Bimbela Pedrola<\/p>\n","protected":false},"excerpt":{"rendered":"<p>HA LLEGADO EL OTO\u00d1O. Y ME GUSTAR\u00cdA DESPEDIRME DE ESTE VERANO DEL 22, TAN INTENSO Y LLENO DE EMOCIONES, CON UN REGALO MUY ESPECIAL PARA LAS LECTORES Y LOS LECTORES DE ESTE BLOG. PESE A MI TRIPLE VACUNACI\u00d3N, PESE A MI OBSESIVO MANTENIMIENTO DE LAS MEDIDAS PREVENTIVAS&#8230; EN JULIO DI POSITIVO EN EL TEST DE\u00a0 &hellip; <a href=\"https:\/\/www.easp.es\/web\/bimbela\/2022\/09\/adios-verano-del-veintidos\/\" class=\"more-link\">Continuar leyendo<span class=\"screen-reader-text\"> \u00abADI\u00d3S&#8230; VERANO DEL VEINTID\u00d3S.\u00bb<\/span><\/a><\/p>\n","protected":false},"author":2,"featured_media":0,"comment_status":"open","ping_status":"open","sticky":false,"template":"","format":"standard","meta":{"footnotes":""},"categories":[3],"tags":[],"class_list":["post-1857","post","type-post","status-publish","format-standard","hentry","category-general"],"_links":{"self":[{"href":"https:\/\/www.easp.es\/web\/bimbela\/wp-json\/wp\/v2\/posts\/1857","targetHints":{"allow":["GET"]}}],"collection":[{"href":"https:\/\/www.easp.es\/web\/bimbela\/wp-json\/wp\/v2\/posts"}],"about":[{"href":"https:\/\/www.easp.es\/web\/bimbela\/wp-json\/wp\/v2\/types\/post"}],"author":[{"embeddable":true,"href":"https:\/\/www.easp.es\/web\/bimbela\/wp-json\/wp\/v2\/users\/2"}],"replies":[{"embeddable":true,"href":"https:\/\/www.easp.es\/web\/bimbela\/wp-json\/wp\/v2\/comments?post=1857"}],"version-history":[{"count":1,"href":"https:\/\/www.easp.es\/web\/bimbela\/wp-json\/wp\/v2\/posts\/1857\/revisions"}],"predecessor-version":[{"id":1859,"href":"https:\/\/www.easp.es\/web\/bimbela\/wp-json\/wp\/v2\/posts\/1857\/revisions\/1859"}],"wp:attachment":[{"href":"https:\/\/www.easp.es\/web\/bimbela\/wp-json\/wp\/v2\/media?parent=1857"}],"wp:term":[{"taxonomy":"category","embeddable":true,"href":"https:\/\/www.easp.es\/web\/bimbela\/wp-json\/wp\/v2\/categories?post=1857"},{"taxonomy":"post_tag","embeddable":true,"href":"https:\/\/www.easp.es\/web\/bimbela\/wp-json\/wp\/v2\/tags?post=1857"}],"curies":[{"name":"wp","href":"https:\/\/api.w.org\/{rel}","templated":true}]}}