{"id":1870,"date":"2022-10-01T04:27:54","date_gmt":"2022-10-01T04:27:54","guid":{"rendered":"https:\/\/www.easp.es\/web\/bimbela\/?p=1870"},"modified":"2022-10-06T17:26:51","modified_gmt":"2022-10-06T17:26:51","slug":"el-11-del-11-jornada-prevencion-suicidio-jovenes-y-adolescentes","status":"publish","type":"post","link":"https:\/\/www.easp.es\/web\/bimbela\/2022\/10\/el-11-del-11-jornada-prevencion-suicidio-jovenes-y-adolescentes\/","title":{"rendered":"EL 11 DEL 11: JORNADA PREVENCI\u00d3N SUICIDIO: J\u00d3VENES Y ADOLESCENTES ."},"content":{"rendered":"<p>\u00a1\u00a1 QU\u00c9 ILUSI\u00d3N PODER ANUNCIAROS LA <strong>TERCERA EDICI\u00d3N<\/strong> DE LAS <em><strong><span style=\"color: #ff0000\">\u00abJORNADAS PARA LA PREVENCI\u00d3N DEL SUICIDIO\u00bb<\/span><\/strong><\/em> EN LA <span style=\"color: #008000\"><strong>ESCUELA ANDALUZA DE SALUD P\u00daBLICA (EASP)<\/strong> <\/span>!!<\/p>\n<p>ESTE A\u00d1O EST\u00c1N ESPECIALMENTE DIRIGIDAS A LA PREVENCI\u00d3N DEL SUICIDIO EN <span style=\"color: #ff0000\"><strong>J\u00d3VENES Y ADOLESCENTES<\/strong><\/span>.\u00a0 Y SE REALIZAR\u00c1N EN FORMATO <span style=\"color: #0000ff\"><strong>VIRTUAL<\/strong><\/span> EN EL CAMPUS DE LA EASP, EL PR\u00d3XIMO <span style=\"color: #ff0000\"><strong>11 DE NOVIEMBRE DE 2022<\/strong><\/span> (VIERNES).<\/p>\n<p>CON UN PROGRAMA APASIONANTE, QUE SUMA <strong>TEOR\u00cdA Y PR\u00c1CTICA, CIFRAS Y LETRAS, REFLEXIONES Y ACCIONES, LO INDIVIDUAL Y LO COLECTIVO, LAS EVIDENCIAS Y LAS VIVENCIAS.<\/strong><\/p>\n<p>AQU\u00cd TENEIS EL <span style=\"color: #0000ff\"><strong>ENLACE<\/strong><\/span> QUE OS PERMITE LA <span style=\"color: #0000ff\"><strong>INSCRIPCI\u00d3N (GRATUITA) <\/strong><\/span>Y EL ACCESO AL PROGRAMA DE LA JORNADA DE ESTE A\u00d1O 2022,;AS\u00cd COMO EL ACCESO A TODAS LAS GRABACIONES DE LAS JORNADAS CELEBRADAS LOS DOS A\u00d1OS ANTERIORES: 2020 Y 2021.<\/p>\n<p>ENLACE:<span style=\"color: #ff0000\"><strong>\u00a0<a style=\"color: #ff0000\" href=\"https:\/\/www.easp.es\/project\/3a-jornada-prevencion-suicidio-jovenes-y-suicidio\/\">https:\/\/www.easp.es\/project\/3a-jornada-prevencion-suicidio-jovenes-y-suicidio\/<\/a><\/strong><\/span><\/p>\n<p><img loading=\"lazy\" decoding=\"async\" class=\"alignleft size-medium wp-image-1871\" src=\"https:\/\/www.easp.es\/web\/bimbela\/wp-content\/uploads\/sites\/3\/2022\/10\/Portada-JJ-Suicidio-2022-para-transparencias-en-Conferencias-212x300.png\" alt=\"\" width=\"212\" height=\"300\" srcset=\"https:\/\/www.easp.es\/web\/bimbela\/wp-content\/uploads\/sites\/3\/2022\/10\/Portada-JJ-Suicidio-2022-para-transparencias-en-Conferencias-212x300.png 212w, https:\/\/www.easp.es\/web\/bimbela\/wp-content\/uploads\/sites\/3\/2022\/10\/Portada-JJ-Suicidio-2022-para-transparencias-en-Conferencias-724x1024.png 724w, https:\/\/www.easp.es\/web\/bimbela\/wp-content\/uploads\/sites\/3\/2022\/10\/Portada-JJ-Suicidio-2022-para-transparencias-en-Conferencias-768x1086.png 768w, https:\/\/www.easp.es\/web\/bimbela\/wp-content\/uploads\/sites\/3\/2022\/10\/Portada-JJ-Suicidio-2022-para-transparencias-en-Conferencias-1086x1536.png 1086w, https:\/\/www.easp.es\/web\/bimbela\/wp-content\/uploads\/sites\/3\/2022\/10\/Portada-JJ-Suicidio-2022-para-transparencias-en-Conferencias-1200x1697.png 1200w, https:\/\/www.easp.es\/web\/bimbela\/wp-content\/uploads\/sites\/3\/2022\/10\/Portada-JJ-Suicidio-2022-para-transparencias-en-Conferencias.png 1414w\" sizes=\"auto, (max-width: 212px) 85vw, 212px\" \/><\/p>\n<p>&nbsp;<\/p>\n<p>OS ESPERAMOS, LLENOS DE <strong><span style=\"color: #0000ff\">ILUSI\u00d3N<\/span><\/strong> Y DE <strong><span style=\"color: #ff0000\">PASI\u00d3N<\/span><\/strong>.<\/p>\n<p>Jos\u00e9 Luis Bimbela Pedrola<\/p>\n","protected":false},"excerpt":{"rendered":"<p>\u00a1\u00a1 QU\u00c9 ILUSI\u00d3N PODER ANUNCIAROS LA TERCERA EDICI\u00d3N DE LAS \u00abJORNADAS PARA LA PREVENCI\u00d3N DEL SUICIDIO\u00bb EN LA ESCUELA ANDALUZA DE SALUD P\u00daBLICA (EASP) !! ESTE A\u00d1O EST\u00c1N ESPECIALMENTE DIRIGIDAS A LA PREVENCI\u00d3N DEL SUICIDIO EN J\u00d3VENES Y ADOLESCENTES.\u00a0 Y SE REALIZAR\u00c1N EN FORMATO VIRTUAL EN EL CAMPUS DE LA EASP, EL PR\u00d3XIMO 11 DE &hellip; <a href=\"https:\/\/www.easp.es\/web\/bimbela\/2022\/10\/el-11-del-11-jornada-prevencion-suicidio-jovenes-y-adolescentes\/\" class=\"more-link\">Continuar leyendo<span class=\"screen-reader-text\"> \u00abEL 11 DEL 11: JORNADA PREVENCI\u00d3N SUICIDIO: J\u00d3VENES Y ADOLESCENTES .\u00bb<\/span><\/a><\/p>\n","protected":false},"author":2,"featured_media":0,"comment_status":"open","ping_status":"open","sticky":false,"template":"","format":"standard","meta":{"footnotes":""},"categories":[3],"tags":[],"class_list":["post-1870","post","type-post","status-publish","format-standard","hentry","category-general"],"_links":{"self":[{"href":"https:\/\/www.easp.es\/web\/bimbela\/wp-json\/wp\/v2\/posts\/1870","targetHints":{"allow":["GET"]}}],"collection":[{"href":"https:\/\/www.easp.es\/web\/bimbela\/wp-json\/wp\/v2\/posts"}],"about":[{"href":"https:\/\/www.easp.es\/web\/bimbela\/wp-json\/wp\/v2\/types\/post"}],"author":[{"embeddable":true,"href":"https:\/\/www.easp.es\/web\/bimbela\/wp-json\/wp\/v2\/users\/2"}],"replies":[{"embeddable":true,"href":"https:\/\/www.easp.es\/web\/bimbela\/wp-json\/wp\/v2\/comments?post=1870"}],"version-history":[{"count":4,"href":"https:\/\/www.easp.es\/web\/bimbela\/wp-json\/wp\/v2\/posts\/1870\/revisions"}],"predecessor-version":[{"id":1876,"href":"https:\/\/www.easp.es\/web\/bimbela\/wp-json\/wp\/v2\/posts\/1870\/revisions\/1876"}],"wp:attachment":[{"href":"https:\/\/www.easp.es\/web\/bimbela\/wp-json\/wp\/v2\/media?parent=1870"}],"wp:term":[{"taxonomy":"category","embeddable":true,"href":"https:\/\/www.easp.es\/web\/bimbela\/wp-json\/wp\/v2\/categories?post=1870"},{"taxonomy":"post_tag","embeddable":true,"href":"https:\/\/www.easp.es\/web\/bimbela\/wp-json\/wp\/v2\/tags?post=1870"}],"curies":[{"name":"wp","href":"https:\/\/api.w.org\/{rel}","templated":true}]}}