{"id":1923,"date":"2022-12-13T06:13:32","date_gmt":"2022-12-13T06:13:32","guid":{"rendered":"https:\/\/www.easp.es\/web\/bimbela\/?p=1923"},"modified":"2022-12-13T06:43:34","modified_gmt":"2022-12-13T06:43:34","slug":"conclusiones-iii-jornadas-para-la-prevencion-del-suicidio","status":"publish","type":"post","link":"https:\/\/www.easp.es\/web\/bimbela\/2022\/12\/conclusiones-iii-jornadas-para-la-prevencion-del-suicidio\/","title":{"rendered":"CONCLUSIONES III JORNADAS PARA LA PREVENCI\u00d3N DEL SUICIDIO"},"content":{"rendered":"\n<p>YA TENEMOS AQU\u00cd LAS <strong>CONCLUSIONES DE LAS III JORNADAS PARA LA PREVENCI\u00d3N DEL SUICIDIO<\/strong>, CELEBRADAS EN LA ESCUELA ANDALUZA DE SALUD P\u00daBLICA (EASP) Y EN SU CAMPUS VIRTUAL, EL PASADO D\u00cdA <strong>11 DE NOVIEMBRE DE 2022.<\/strong> <\/p>\n\n\n\n<p>ESTE A\u00d1O 2022 DEDICADAS A LOS<strong> J\u00d3VENES Y ADOLESCENTES<\/strong>.<\/p>\n\n\n\n<p><strong>UNAS CONCLUSIONES CREATIVAS. SOBRE LO QUE S\u00cd SE DIJO Y C\u00d3MO SE DIJO. Y  TAMBI\u00c9N SOBRE LO QUE NO SE DIJO. DE JONATHAN MANN A  JOS\u00c9 ANTONIO MARINA, PASANDO POR RAM\u00d3N BAY\u00c9S Y MARIOLA BERNAL.<\/strong><\/p>\n\n\n\n<p>CON <strong>UN GRAN ABRAZO LLENO DE ALEGR\u00cdA Y AMOR<\/strong> DESDE GRANADA: <a href=\"https:\/\/www.easp.es\/project\/3a-jornada-prevencion-suicidio-jovenes-y-suicidio\/\"><strong>https:\/\/www.easp.es\/project\/3a-jornada-prevencion-suicidio-jovenes-y-suicidio\/<\/strong><\/a><\/p>\n\n\n\n<p>Jos\u00e9 Luis Bimbela Pedrola<\/p>\n\n\n\n<figure class=\"wp-block-image size-full\"><img loading=\"lazy\" decoding=\"async\" width=\"681\" height=\"424\" src=\"https:\/\/www.easp.es\/web\/bimbela\/wp-content\/uploads\/sites\/3\/2022\/12\/Foto-Portada-Conclusiones-III-Jornada-Prevencion-Suicidio-2022.jpg\" alt=\"\" class=\"wp-image-1924\" srcset=\"https:\/\/www.easp.es\/web\/bimbela\/wp-content\/uploads\/sites\/3\/2022\/12\/Foto-Portada-Conclusiones-III-Jornada-Prevencion-Suicidio-2022.jpg 681w, https:\/\/www.easp.es\/web\/bimbela\/wp-content\/uploads\/sites\/3\/2022\/12\/Foto-Portada-Conclusiones-III-Jornada-Prevencion-Suicidio-2022-300x187.jpg 300w\" sizes=\"auto, (max-width: 709px) 85vw, (max-width: 909px) 67vw, (max-width: 984px) 61vw, (max-width: 1362px) 45vw, 600px\" \/><\/figure>\n","protected":false},"excerpt":{"rendered":"<p>YA TENEMOS AQU\u00cd LAS CONCLUSIONES DE LAS III JORNADAS PARA LA PREVENCI\u00d3N DEL SUICIDIO, CELEBRADAS EN LA ESCUELA ANDALUZA DE SALUD P\u00daBLICA (EASP) Y EN SU CAMPUS VIRTUAL, EL PASADO D\u00cdA 11 DE NOVIEMBRE DE 2022. ESTE A\u00d1O 2022 DEDICADAS A LOS J\u00d3VENES Y ADOLESCENTES. UNAS CONCLUSIONES CREATIVAS. SOBRE LO QUE S\u00cd SE DIJO Y &hellip; <a href=\"https:\/\/www.easp.es\/web\/bimbela\/2022\/12\/conclusiones-iii-jornadas-para-la-prevencion-del-suicidio\/\" class=\"more-link\">Continuar leyendo<span class=\"screen-reader-text\"> \u00abCONCLUSIONES III JORNADAS PARA LA PREVENCI\u00d3N DEL SUICIDIO\u00bb<\/span><\/a><\/p>\n","protected":false},"author":2,"featured_media":0,"comment_status":"open","ping_status":"open","sticky":false,"template":"","format":"standard","meta":{"footnotes":""},"categories":[3],"tags":[],"class_list":["post-1923","post","type-post","status-publish","format-standard","hentry","category-general"],"_links":{"self":[{"href":"https:\/\/www.easp.es\/web\/bimbela\/wp-json\/wp\/v2\/posts\/1923","targetHints":{"allow":["GET"]}}],"collection":[{"href":"https:\/\/www.easp.es\/web\/bimbela\/wp-json\/wp\/v2\/posts"}],"about":[{"href":"https:\/\/www.easp.es\/web\/bimbela\/wp-json\/wp\/v2\/types\/post"}],"author":[{"embeddable":true,"href":"https:\/\/www.easp.es\/web\/bimbela\/wp-json\/wp\/v2\/users\/2"}],"replies":[{"embeddable":true,"href":"https:\/\/www.easp.es\/web\/bimbela\/wp-json\/wp\/v2\/comments?post=1923"}],"version-history":[{"count":3,"href":"https:\/\/www.easp.es\/web\/bimbela\/wp-json\/wp\/v2\/posts\/1923\/revisions"}],"predecessor-version":[{"id":1929,"href":"https:\/\/www.easp.es\/web\/bimbela\/wp-json\/wp\/v2\/posts\/1923\/revisions\/1929"}],"wp:attachment":[{"href":"https:\/\/www.easp.es\/web\/bimbela\/wp-json\/wp\/v2\/media?parent=1923"}],"wp:term":[{"taxonomy":"category","embeddable":true,"href":"https:\/\/www.easp.es\/web\/bimbela\/wp-json\/wp\/v2\/categories?post=1923"},{"taxonomy":"post_tag","embeddable":true,"href":"https:\/\/www.easp.es\/web\/bimbela\/wp-json\/wp\/v2\/tags?post=1923"}],"curies":[{"name":"wp","href":"https:\/\/api.w.org\/{rel}","templated":true}]}}