{"id":1995,"date":"2023-04-07T10:34:29","date_gmt":"2023-04-07T10:34:29","guid":{"rendered":"https:\/\/www.easp.es\/web\/bimbela\/?p=1995"},"modified":"2023-04-07T10:42:05","modified_gmt":"2023-04-07T10:42:05","slug":"7-de-abril-dia-mundial-de-la-salud","status":"publish","type":"post","link":"https:\/\/www.easp.es\/web\/bimbela\/2023\/04\/7-de-abril-dia-mundial-de-la-salud\/","title":{"rendered":"7 DE ABRIL: D\u00cdA MUNDIAL DE LA SALUD"},"content":{"rendered":"\n<p>Para celebrar, como se merece este <strong>D\u00eda Mundial de la Salud<\/strong>, recordemos que ya en 2008 Alejandro Jadad y sus colaboradores reconceptualizaron la \u00abSALUD\u00bb como <em>\u00abla habilidad para adaptarse y manejar los desaf\u00edos f\u00edsicos, emocionales y sociales que se presentan durante la vida\u00bb<\/em>;  y que a partir de 2017 desde la Escuela Andaluza de Salud P\u00fablica hemos ido incorporando (desde la teor\u00eda y desde la pr\u00e1ctica, y con el entusiasta apoyo de Jadad) las dimensiones espiritual y \u00e9tica a esa nueva conceptualizaci\u00f3n.<\/p>\n\n\n\n<p class=\"has-bright-blue-color has-text-color\">Es un honor y un placer, por tanto, recordar, hoy <strong>7 de abril de 2023<\/strong>, que cuando ahora hablamos de <strong>SALUD, <\/strong>hablamos de:<\/p>\n\n\n\n<p class=\"has-bright-blue-color has-text-color\"><strong>\u00abLA HABILIDAD, DE LAS PERSONAS Y DE LAS COMUNIDADES, PARA ADAPTARSE Y MANEJAR, LOS DESAF\u00cdOS F\u00cdSICOS, EMOCIONALES, SOCIALES, ESPIRITUALES Y \u00c9TICOS QUE SE PRESENTAN EN LA VIDA\u00bb<\/strong><\/p>\n\n\n\n<p>Y para que \u00abconstara en acta\u00bb publiqu\u00e9, en 2022, el art\u00edculo que aqu\u00ed adjunto:<\/p>\n\n\n\n<div data-wp-interactive=\"core\/file\" class=\"wp-block-file\"><object data-wp-bind--hidden=\"!state.hasPdfPreview\" hidden class=\"wp-block-file__embed\" data=\"https:\/\/www.easp.es\/web\/bimbela\/wp-content\/uploads\/sites\/3\/2022\/04\/Articulo-Bimbela-Autocuidado-etico-y-emocional.-Educacion-Medica-2022.pdf\" type=\"application\/pdf\" style=\"width:100%;height:600px\" aria-label=\"Incrustado de Art\u00edculo Bimbela Autocuidado \u00e9tico y emocional. Educaci\u00f3n M\u00e9dica 2022.\"><\/object><a id=\"wp-block-file--media-eae7150a-2a0b-4776-aef4-fa3371299e56\" href=\"https:\/\/www.easp.es\/web\/bimbela\/wp-content\/uploads\/sites\/3\/2022\/04\/Articulo-Bimbela-Autocuidado-etico-y-emocional.-Educacion-Medica-2022.pdf\">Art\u00edculo Bimbela Autocuidado \u00e9tico y emocional. Educaci\u00f3n M\u00e9dica 2022<\/a><a href=\"https:\/\/www.easp.es\/web\/bimbela\/wp-content\/uploads\/sites\/3\/2022\/04\/Articulo-Bimbela-Autocuidado-etico-y-emocional.-Educacion-Medica-2022.pdf\" class=\"wp-block-file__button wp-element-button\" download aria-describedby=\"wp-block-file--media-eae7150a-2a0b-4776-aef4-fa3371299e56\">Descarga<\/a><\/div>\n\n\n\n<p><\/p>\n\n\n\n<p><strong>\u00a1\u00a1 VIVA LA SALUD F\u00cdSICA !!<\/strong><\/p>\n\n\n\n<p class=\"has-bright-red-color has-text-color\"><strong>\u00a1\u00a1 VIVA LA SALUD EMOCIONAL !!<\/strong><\/p>\n\n\n\n<p class=\"has-medium-brown-color has-text-color\"><strong>\u00a1\u00a1 VIVA LA SALUD SOCIAL !!<\/strong><\/p>\n\n\n\n<p class=\"has-bright-blue-color has-text-color\"><strong>\u00a1\u00a1 VIVA LA SALUD ESPIRITUAL !!<\/strong><\/p>\n\n\n\n<p class=\"has-dark-red-color has-text-color\"><strong>\u00a1\u00a1 VIVA LA SALUD \u00c9TICA !!<\/strong><\/p>\n\n\n\n<p class=\"has-bright-red-color has-text-color\"><strong>CON UN ABRAZO LLENO DE AMOR Y ENERG\u00cdA DESDE GRANADA<\/strong><\/p>\n\n\n\n<p>Jos\u00e9 Luis Bimbela Pedrola<\/p>\n","protected":false},"excerpt":{"rendered":"<p>Para celebrar, como se merece este D\u00eda Mundial de la Salud, recordemos que ya en 2008 Alejandro Jadad y sus colaboradores reconceptualizaron la \u00abSALUD\u00bb como \u00abla habilidad para adaptarse y manejar los desaf\u00edos f\u00edsicos, emocionales y sociales que se presentan durante la vida\u00bb; y que a partir de 2017 desde la Escuela Andaluza de Salud &hellip; <a href=\"https:\/\/www.easp.es\/web\/bimbela\/2023\/04\/7-de-abril-dia-mundial-de-la-salud\/\" class=\"more-link\">Continuar leyendo<span class=\"screen-reader-text\"> \u00ab7 DE ABRIL: D\u00cdA MUNDIAL DE LA SALUD\u00bb<\/span><\/a><\/p>\n","protected":false},"author":2,"featured_media":0,"comment_status":"open","ping_status":"open","sticky":false,"template":"","format":"standard","meta":{"footnotes":""},"categories":[3],"tags":[],"class_list":["post-1995","post","type-post","status-publish","format-standard","hentry","category-general"],"_links":{"self":[{"href":"https:\/\/www.easp.es\/web\/bimbela\/wp-json\/wp\/v2\/posts\/1995","targetHints":{"allow":["GET"]}}],"collection":[{"href":"https:\/\/www.easp.es\/web\/bimbela\/wp-json\/wp\/v2\/posts"}],"about":[{"href":"https:\/\/www.easp.es\/web\/bimbela\/wp-json\/wp\/v2\/types\/post"}],"author":[{"embeddable":true,"href":"https:\/\/www.easp.es\/web\/bimbela\/wp-json\/wp\/v2\/users\/2"}],"replies":[{"embeddable":true,"href":"https:\/\/www.easp.es\/web\/bimbela\/wp-json\/wp\/v2\/comments?post=1995"}],"version-history":[{"count":2,"href":"https:\/\/www.easp.es\/web\/bimbela\/wp-json\/wp\/v2\/posts\/1995\/revisions"}],"predecessor-version":[{"id":1999,"href":"https:\/\/www.easp.es\/web\/bimbela\/wp-json\/wp\/v2\/posts\/1995\/revisions\/1999"}],"wp:attachment":[{"href":"https:\/\/www.easp.es\/web\/bimbela\/wp-json\/wp\/v2\/media?parent=1995"}],"wp:term":[{"taxonomy":"category","embeddable":true,"href":"https:\/\/www.easp.es\/web\/bimbela\/wp-json\/wp\/v2\/categories?post=1995"},{"taxonomy":"post_tag","embeddable":true,"href":"https:\/\/www.easp.es\/web\/bimbela\/wp-json\/wp\/v2\/tags?post=1995"}],"curies":[{"name":"wp","href":"https:\/\/api.w.org\/{rel}","templated":true}]}}