{"id":2012,"date":"2023-05-20T07:21:15","date_gmt":"2023-05-20T07:21:15","guid":{"rendered":"https:\/\/www.easp.es\/web\/bimbela\/?p=2012"},"modified":"2023-05-24T08:31:39","modified_gmt":"2023-05-24T08:31:39","slug":"de-donostia-a-las-palmas","status":"publish","type":"post","link":"https:\/\/www.easp.es\/web\/bimbela\/2023\/05\/de-donostia-a-las-palmas\/","title":{"rendered":"DE DONOSTIA A LAS PALMAS&#8230;"},"content":{"rendered":"\n<p><strong>EMOTIVO Y MUY GRATIFICANTE PERIPLO EN ESTE MES DE MAYO DE 2023&#8230;<\/strong><\/p>\n\n\n\n<p class=\"has-bright-blue-color has-text-color\"><strong>DEL XLIII CONGRESO DE LA SOCIEDAD ESPA\u00d1OLA DE MEDICINA FAMILIAR Y COMUNITARIA (SEMFYC)&#8230;<\/strong><\/p>\n\n\n\n<p class=\"has-bright-blue-color has-text-color\">CELEBRADO EN DONOSTIA, Y EN EL QUE TUVE EL HONOR Y EL PLACER DE DESARROLLAR UN VIBRANTE Y CONMOVEDOR TALLER JUNTO A MI COLEGA SALUBRISTA <strong>ANA MAR\u00cdA RODR\u00cdGUEZ CUESTA <\/strong>(ENFERMERA Y EXPERTA EN BIO\u00c9TICA) SOBRE EL TEMA: <em><strong>\u00abAUTOCUIDADO \u00c9TICO Y EMOCIONAL PARA PROFESIONALES Y EQUIPOS\u00bb<\/strong><\/em>&#8230; <\/p>\n\n\n\n<p>MUCHAS GRACIAS <strong>RAQUEL GONZ\u00c1LEZ<\/strong>, por la motivadora propuesta.<\/p>\n\n\n\n<p> (FOTO DE LOS PONENTES CON NUESTRA QUERIDA AMIGA Y COLEGA <strong>MAR\u00cdA FERN\u00c1NDEZ.<\/strong> <strong>GRACIAS, MAR\u00cdA<\/strong> \u00a1\u00a1)<\/p>\n\n\n\n<figure class=\"wp-block-image size-full\"><img loading=\"lazy\" decoding=\"async\" width=\"687\" height=\"805\" src=\"https:\/\/www.easp.es\/web\/bimbela\/wp-content\/uploads\/sites\/3\/2023\/05\/IMG_20230516_110030.jpg\" alt=\"\" class=\"wp-image-2014\" srcset=\"https:\/\/www.easp.es\/web\/bimbela\/wp-content\/uploads\/sites\/3\/2023\/05\/IMG_20230516_110030.jpg 687w, https:\/\/www.easp.es\/web\/bimbela\/wp-content\/uploads\/sites\/3\/2023\/05\/IMG_20230516_110030-256x300.jpg 256w\" sizes=\"auto, (max-width: 709px) 85vw, (max-width: 909px) 67vw, (max-width: 984px) 61vw, (max-width: 1362px) 45vw, 600px\" \/><\/figure>\n\n\n\n<p><\/p>\n\n\n\n<p><\/p>\n\n\n\n<p class=\"has-bright-blue-color has-text-color\"><strong>A LA II JORNADA DE HUMANIZACI\u00d3N EN LA ASISTENCIA SANITARIA DEL HOSPITAL INSULAR DE GRAN CANARIA&#8230;<\/strong><\/p>\n\n\n\n<p class=\"has-bright-blue-color has-text-color\">CELEBRADA EN LAS PALMAS DE GRAN CANARIA EL PASADO 18 DE MAYO, Y EN LA QUE DISFRUT\u00c9 Y ME EMOCION\u00c9 ENORMEMENTE COMPARTIENDO CON EL ENTUSIASTA P\u00daBLICO ASISTENTE MI CONFERENCIA: <strong><em>\u00ab5 A\u00d1OS DESPU\u00c9S Y UNA PANDEMIA M\u00c1S TARDE&#8230; LA HUMANIZACI\u00d3N DESDE LA PERSPECTIVA SALUBRISTA\u00bb<\/em>.<\/strong> <\/p>\n\n\n\n<figure class=\"wp-block-image size-large\"><img loading=\"lazy\" decoding=\"async\" width=\"1024\" height=\"771\" src=\"https:\/\/www.easp.es\/web\/bimbela\/wp-content\/uploads\/sites\/3\/2023\/05\/IMG-20230518-WA0002-1024x771.jpg\" alt=\"\" class=\"wp-image-2015\" srcset=\"https:\/\/www.easp.es\/web\/bimbela\/wp-content\/uploads\/sites\/3\/2023\/05\/IMG-20230518-WA0002-1024x771.jpg 1024w, https:\/\/www.easp.es\/web\/bimbela\/wp-content\/uploads\/sites\/3\/2023\/05\/IMG-20230518-WA0002-300x226.jpg 300w, https:\/\/www.easp.es\/web\/bimbela\/wp-content\/uploads\/sites\/3\/2023\/05\/IMG-20230518-WA0002-768x578.jpg 768w, https:\/\/www.easp.es\/web\/bimbela\/wp-content\/uploads\/sites\/3\/2023\/05\/IMG-20230518-WA0002-1536x1156.jpg 1536w, https:\/\/www.easp.es\/web\/bimbela\/wp-content\/uploads\/sites\/3\/2023\/05\/IMG-20230518-WA0002-1200x903.jpg 1200w, https:\/\/www.easp.es\/web\/bimbela\/wp-content\/uploads\/sites\/3\/2023\/05\/IMG-20230518-WA0002.jpg 1600w\" sizes=\"auto, (max-width: 709px) 85vw, (max-width: 909px) 67vw, (max-width: 1362px) 62vw, 840px\" \/><\/figure>\n\n\n\n<p><strong>GRACIAS, CARLOS MORA<\/strong><\/p>\n\n\n\n<p><strong>GRACIAS, SERGIO MART\u00cdNEZ<\/strong><\/p>\n\n\n\n<p class=\"has-bright-red-color has-text-color\"><strong>CON UN ABRAZO ENORME LLENO DE TERNURA Y ENERG\u00cdA<\/strong><\/p>\n\n\n\n<p>Jos\u00e9 Luis Bimbela Pedrola<\/p>\n\n\n\n<p><\/p>\n\n\n\n<p><\/p>\n","protected":false},"excerpt":{"rendered":"<p>EMOTIVO Y MUY GRATIFICANTE PERIPLO EN ESTE MES DE MAYO DE 2023&#8230; DEL XLIII CONGRESO DE LA SOCIEDAD ESPA\u00d1OLA DE MEDICINA FAMILIAR Y COMUNITARIA (SEMFYC)&#8230; CELEBRADO EN DONOSTIA, Y EN EL QUE TUVE EL HONOR Y EL PLACER DE DESARROLLAR UN VIBRANTE Y CONMOVEDOR TALLER JUNTO A MI COLEGA SALUBRISTA ANA MAR\u00cdA RODR\u00cdGUEZ CUESTA (ENFERMERA &hellip; <a href=\"https:\/\/www.easp.es\/web\/bimbela\/2023\/05\/de-donostia-a-las-palmas\/\" class=\"more-link\">Continuar leyendo<span class=\"screen-reader-text\"> \u00abDE DONOSTIA A LAS PALMAS&#8230;\u00bb<\/span><\/a><\/p>\n","protected":false},"author":2,"featured_media":0,"comment_status":"open","ping_status":"open","sticky":false,"template":"","format":"standard","meta":{"footnotes":""},"categories":[3],"tags":[],"class_list":["post-2012","post","type-post","status-publish","format-standard","hentry","category-general"],"_links":{"self":[{"href":"https:\/\/www.easp.es\/web\/bimbela\/wp-json\/wp\/v2\/posts\/2012","targetHints":{"allow":["GET"]}}],"collection":[{"href":"https:\/\/www.easp.es\/web\/bimbela\/wp-json\/wp\/v2\/posts"}],"about":[{"href":"https:\/\/www.easp.es\/web\/bimbela\/wp-json\/wp\/v2\/types\/post"}],"author":[{"embeddable":true,"href":"https:\/\/www.easp.es\/web\/bimbela\/wp-json\/wp\/v2\/users\/2"}],"replies":[{"embeddable":true,"href":"https:\/\/www.easp.es\/web\/bimbela\/wp-json\/wp\/v2\/comments?post=2012"}],"version-history":[{"count":3,"href":"https:\/\/www.easp.es\/web\/bimbela\/wp-json\/wp\/v2\/posts\/2012\/revisions"}],"predecessor-version":[{"id":2019,"href":"https:\/\/www.easp.es\/web\/bimbela\/wp-json\/wp\/v2\/posts\/2012\/revisions\/2019"}],"wp:attachment":[{"href":"https:\/\/www.easp.es\/web\/bimbela\/wp-json\/wp\/v2\/media?parent=2012"}],"wp:term":[{"taxonomy":"category","embeddable":true,"href":"https:\/\/www.easp.es\/web\/bimbela\/wp-json\/wp\/v2\/categories?post=2012"},{"taxonomy":"post_tag","embeddable":true,"href":"https:\/\/www.easp.es\/web\/bimbela\/wp-json\/wp\/v2\/tags?post=2012"}],"curies":[{"name":"wp","href":"https:\/\/api.w.org\/{rel}","templated":true}]}}