{"id":2040,"date":"2023-07-01T07:49:40","date_gmt":"2023-07-01T07:49:40","guid":{"rendered":"https:\/\/www.easp.es\/web\/bimbela\/?p=2040"},"modified":"2023-07-01T07:49:41","modified_gmt":"2023-07-01T07:49:41","slug":"liderazgos-y-autoliderazgos-en-malaga","status":"publish","type":"post","link":"https:\/\/www.easp.es\/web\/bimbela\/2023\/07\/liderazgos-y-autoliderazgos-en-malaga\/","title":{"rendered":"LIDERAZGOS Y AUTOLIDERAZGOS EN&#8230; \u00a1\u00a1\u00a1 M\u00c1LAGA !!!"},"content":{"rendered":"\n<p>Para cerrar la temporada de \u201cactuaciones\u201d tuve el honor de impartir el pasado viernes <strong>30 de junio<\/strong>, una conferencia sobre <em><strong>\u201cLIDERAZGO Y AUTOLIDERAZGO \u00c9TICO Y EMOCIONAL. YO DECIDO\u201d <\/strong><\/em>en el Hospital Materno Infantil del Hospital Regional Universitario de M\u00e1laga.<\/p>\n\n\n\n<p>El p\u00fablico asistente, joven y apasionado, formado fundamentalmente por m\u00e9dicas\/os, personal de enfermer\u00eda y fisioterapeutas, me ayud\u00f3 mucho, con su magn\u00edfica actitud, a entregarme en cuerpo y alma durante las dos horas de duraci\u00f3n de la conferencia. <strong>Gracias<\/strong>, de coraz\u00f3n, por ello \u00a1\u00a1\u00a1 &nbsp;&nbsp;&nbsp;<\/p>\n\n\n\n<p>Adem\u00e1s, mi m\u00e1s sincero agradecimiento a la energ\u00e9tica y l\u00facida organizadora del evento, la <strong>Dra. Marisa Mu\u00f1oz<\/strong><\/p>\n\n\n\n<figure class=\"wp-block-image size-large\"><img loading=\"lazy\" decoding=\"async\" width=\"1024\" height=\"945\" src=\"https:\/\/www.easp.es\/web\/bimbela\/wp-content\/uploads\/sites\/3\/2023\/07\/IMG_20230701_075553-1024x945.jpg\" alt=\"\" class=\"wp-image-2041\" srcset=\"https:\/\/www.easp.es\/web\/bimbela\/wp-content\/uploads\/sites\/3\/2023\/07\/IMG_20230701_075553-1024x945.jpg 1024w, https:\/\/www.easp.es\/web\/bimbela\/wp-content\/uploads\/sites\/3\/2023\/07\/IMG_20230701_075553-300x277.jpg 300w, https:\/\/www.easp.es\/web\/bimbela\/wp-content\/uploads\/sites\/3\/2023\/07\/IMG_20230701_075553-768x709.jpg 768w, https:\/\/www.easp.es\/web\/bimbela\/wp-content\/uploads\/sites\/3\/2023\/07\/IMG_20230701_075553.jpg 1106w\" sizes=\"auto, (max-width: 709px) 85vw, (max-width: 909px) 67vw, (max-width: 1362px) 62vw, 840px\" \/><\/figure>\n\n\n\n<p><\/p>\n\n\n\n<p>Y, tambi\u00e9n, a <strong>Ana R. Cuesta<\/strong>, enfermera \u00e9tica y humanista, y gran inspiradora (en la teor\u00eda y en la pr\u00e1ctica) de los contenidos de la presentaci\u00f3n.<\/p>\n\n\n\n<figure class=\"wp-block-image size-large\"><img loading=\"lazy\" decoding=\"async\" width=\"938\" height=\"1024\" src=\"https:\/\/www.easp.es\/web\/bimbela\/wp-content\/uploads\/sites\/3\/2023\/07\/IMG_20230630_211452-938x1024.jpg\" alt=\"\" class=\"wp-image-2042\" srcset=\"https:\/\/www.easp.es\/web\/bimbela\/wp-content\/uploads\/sites\/3\/2023\/07\/IMG_20230630_211452-938x1024.jpg 938w, https:\/\/www.easp.es\/web\/bimbela\/wp-content\/uploads\/sites\/3\/2023\/07\/IMG_20230630_211452-275x300.jpg 275w, https:\/\/www.easp.es\/web\/bimbela\/wp-content\/uploads\/sites\/3\/2023\/07\/IMG_20230630_211452-768x838.jpg 768w, https:\/\/www.easp.es\/web\/bimbela\/wp-content\/uploads\/sites\/3\/2023\/07\/IMG_20230630_211452.jpg 1139w\" sizes=\"auto, (max-width: 709px) 85vw, (max-width: 909px) 67vw, (max-width: 1362px) 62vw, 840px\" \/><\/figure>\n\n\n\n<p><\/p>\n\n\n\n<p><strong>GRACIAS, GRACIAS, GRACIAS \u00a1\u00a1\u00a1<\/strong><\/p>\n\n\n\n<p>Jos\u00e9 Luis Bimbela Pedrola<\/p>\n","protected":false},"excerpt":{"rendered":"<p>Para cerrar la temporada de \u201cactuaciones\u201d tuve el honor de impartir el pasado viernes 30 de junio, una conferencia sobre \u201cLIDERAZGO Y AUTOLIDERAZGO \u00c9TICO Y EMOCIONAL. YO DECIDO\u201d en el Hospital Materno Infantil del Hospital Regional Universitario de M\u00e1laga. El p\u00fablico asistente, joven y apasionado, formado fundamentalmente por m\u00e9dicas\/os, personal de enfermer\u00eda y fisioterapeutas, me &hellip; <a href=\"https:\/\/www.easp.es\/web\/bimbela\/2023\/07\/liderazgos-y-autoliderazgos-en-malaga\/\" class=\"more-link\">Continuar leyendo<span class=\"screen-reader-text\"> \u00abLIDERAZGOS Y AUTOLIDERAZGOS EN&#8230; \u00a1\u00a1\u00a1 M\u00c1LAGA !!!\u00bb<\/span><\/a><\/p>\n","protected":false},"author":2,"featured_media":0,"comment_status":"open","ping_status":"open","sticky":false,"template":"","format":"standard","meta":{"footnotes":""},"categories":[3],"tags":[],"class_list":["post-2040","post","type-post","status-publish","format-standard","hentry","category-general"],"_links":{"self":[{"href":"https:\/\/www.easp.es\/web\/bimbela\/wp-json\/wp\/v2\/posts\/2040","targetHints":{"allow":["GET"]}}],"collection":[{"href":"https:\/\/www.easp.es\/web\/bimbela\/wp-json\/wp\/v2\/posts"}],"about":[{"href":"https:\/\/www.easp.es\/web\/bimbela\/wp-json\/wp\/v2\/types\/post"}],"author":[{"embeddable":true,"href":"https:\/\/www.easp.es\/web\/bimbela\/wp-json\/wp\/v2\/users\/2"}],"replies":[{"embeddable":true,"href":"https:\/\/www.easp.es\/web\/bimbela\/wp-json\/wp\/v2\/comments?post=2040"}],"version-history":[{"count":1,"href":"https:\/\/www.easp.es\/web\/bimbela\/wp-json\/wp\/v2\/posts\/2040\/revisions"}],"predecessor-version":[{"id":2043,"href":"https:\/\/www.easp.es\/web\/bimbela\/wp-json\/wp\/v2\/posts\/2040\/revisions\/2043"}],"wp:attachment":[{"href":"https:\/\/www.easp.es\/web\/bimbela\/wp-json\/wp\/v2\/media?parent=2040"}],"wp:term":[{"taxonomy":"category","embeddable":true,"href":"https:\/\/www.easp.es\/web\/bimbela\/wp-json\/wp\/v2\/categories?post=2040"},{"taxonomy":"post_tag","embeddable":true,"href":"https:\/\/www.easp.es\/web\/bimbela\/wp-json\/wp\/v2\/tags?post=2040"}],"curies":[{"name":"wp","href":"https:\/\/api.w.org\/{rel}","templated":true}]}}