{"id":2059,"date":"2023-07-22T05:42:06","date_gmt":"2023-07-22T05:42:06","guid":{"rendered":"https:\/\/www.easp.es\/web\/bimbela\/?p=2059"},"modified":"2023-08-01T14:01:27","modified_gmt":"2023-08-01T14:01:27","slug":"actualizamos-la-gestion-emocional","status":"publish","type":"post","link":"https:\/\/www.easp.es\/web\/bimbela\/2023\/07\/actualizamos-la-gestion-emocional\/","title":{"rendered":"ACTUALIZAMOS LA GESTI\u00d3N EMOCIONAL"},"content":{"rendered":"\n<p><br>Estimadas y estimados colegas,<\/p>\n\n\n\n<p>En 2020, en pleno inicio de la \u00abexplosi\u00f3n pand\u00e9mica\u00bb,  la Escuela Andaluza de Salud P\u00fablica (EASP) me encarg\u00f3 el dise\u00f1o y coordinaci\u00f3n del Curso \u00abGesti\u00f3n pr\u00e1ctica de emociones en tiempos de coronavirus\u00bb. Un curso GRATUITO para ayudar a los profesionales que, en aquellos dur\u00edsimos momentos, se ve\u00edan desbordados emocionalmente por la situaci\u00f3n. Fue un honor inmenso dar cumplida respuesta a esa motivadora propuesta.  <\/p>\n\n\n\n<p>Y ahora, 3 A\u00d1OS M\u00c1S TARDE Y M\u00c1S DE 9000 ALUMNOS\/AS DESPU\u00c9S&#8230;<\/p>\n\n\n\n<p>REACTIVAMOS Y ACTUALIZAMOS EL CURSO, RECUPERANDO SU ESENCIA M\u00c1S TRANSVERSAL: la&nbsp;<strong>GESTI\u00d3N PR\u00c1CTICA DE EMOCIONES<\/strong>&nbsp;(sea cual sea la situaci\u00f3n o el \u00e1mbito de aplicaci\u00f3n).<\/p>\n\n\n\n<p>Y para ello, hemos incorporado\u00a0<strong>8 nuevos ejemplos de Tabla de Gimnasia Emocional (TGE).\u00a0<\/strong>8 ejemplos concretos, pr\u00e1cticos y reales (elaborados por profesionales de la salud y de la atenci\u00f3n sociosanitaria; por pacientes y familiares; por educadores y por padres\/madres; por ciudadanos\/as); y que abordan situaciones del \u00e1mbito profesional y del \u00e1mbito personal y familiar.<\/p>\n\n\n\n<p><strong>Estos 8 nuevos ejemplos son un RECURSO m\u00e1s del curso; junto a los v\u00eddeos, el libro \u00abGimnasia Emocional. Pasamos a la acci\u00f3n\u00bb y el enlace con mi blog; para facilitar un aprendizaje s\u00f3lido y duradero.<\/strong><\/p>\n\n\n\n<p>Adem\u00e1s, hemos aprovechado el \u00abretoque\u00bb para actualizar el v\u00eddeo de presentaci\u00f3n del curso (recordando los 4 grandes objetivos del mismo); y tambi\u00e9n para mejorar algunos aspectos est\u00e9ticos del campus del curso.<\/p>\n\n\n\n<p>Espero, de coraz\u00f3n, que todo ello os sea de utilidad y os permita ampliar los \u00e1mbitos de aplicaci\u00f3n de ese instrumento que tanto quiero y que tanto utilizo (en mi vida personal y profesional): la&nbsp;<strong>Tabla de Gimnasia Emocional (TGE)<\/strong>.<\/p>\n\n\n\n<p>Aqu\u00ed os dejo el enlace con el curso. Curso que, desde luego, sigue siendo totalmente <strong>GRATUITO<\/strong>:<\/p>\n\n\n\n<figure class=\"wp-block-embed is-type-wp-embed is-provider-escuela-andaluza-de-salud-publica wp-block-embed-escuela-andaluza-de-salud-publica\"><div class=\"wp-block-embed__wrapper\">\n<blockquote class=\"wp-embedded-content\" data-secret=\"D8oOSMchcl\"><a href=\"https:\/\/www.easp.es\/project\/gestion-practica-de-emociones\/\">Gesti\u00f3n pr\u00e1ctica de emociones<\/a><\/blockquote><iframe loading=\"lazy\" class=\"wp-embedded-content\" sandbox=\"allow-scripts\" security=\"restricted\" style=\"position: absolute; clip: rect(1px, 1px, 1px, 1px);\" title=\"\u00abGesti\u00f3n pr\u00e1ctica de emociones\u00bb \u2014 Escuela Andaluza de Salud P\u00fablica\" src=\"https:\/\/www.easp.es\/project\/gestion-practica-de-emociones\/embed\/#?secret=8XR0pD6OE0#?secret=D8oOSMchcl\" data-secret=\"D8oOSMchcl\" width=\"600\" height=\"338\" frameborder=\"0\" marginwidth=\"0\" marginheight=\"0\" scrolling=\"no\"><\/iframe>\n<\/div><\/figure>\n\n\n\n<p><strong>Abrazo INMENSO desde Granada<\/strong><\/p>\n\n\n\n<p>Jos\u00e9 Luis Bimbela Pedrola<\/p>\n","protected":false},"excerpt":{"rendered":"<p>Estimadas y estimados colegas, En 2020, en pleno inicio de la \u00abexplosi\u00f3n pand\u00e9mica\u00bb, la Escuela Andaluza de Salud P\u00fablica (EASP) me encarg\u00f3 el dise\u00f1o y coordinaci\u00f3n del Curso \u00abGesti\u00f3n pr\u00e1ctica de emociones en tiempos de coronavirus\u00bb. Un curso GRATUITO para ayudar a los profesionales que, en aquellos dur\u00edsimos momentos, se ve\u00edan desbordados emocionalmente por la &hellip; <a href=\"https:\/\/www.easp.es\/web\/bimbela\/2023\/07\/actualizamos-la-gestion-emocional\/\" class=\"more-link\">Continuar leyendo<span class=\"screen-reader-text\"> \u00abACTUALIZAMOS LA GESTI\u00d3N EMOCIONAL\u00bb<\/span><\/a><\/p>\n","protected":false},"author":2,"featured_media":0,"comment_status":"open","ping_status":"open","sticky":false,"template":"","format":"standard","meta":{"footnotes":""},"categories":[3],"tags":[],"class_list":["post-2059","post","type-post","status-publish","format-standard","hentry","category-general"],"_links":{"self":[{"href":"https:\/\/www.easp.es\/web\/bimbela\/wp-json\/wp\/v2\/posts\/2059","targetHints":{"allow":["GET"]}}],"collection":[{"href":"https:\/\/www.easp.es\/web\/bimbela\/wp-json\/wp\/v2\/posts"}],"about":[{"href":"https:\/\/www.easp.es\/web\/bimbela\/wp-json\/wp\/v2\/types\/post"}],"author":[{"embeddable":true,"href":"https:\/\/www.easp.es\/web\/bimbela\/wp-json\/wp\/v2\/users\/2"}],"replies":[{"embeddable":true,"href":"https:\/\/www.easp.es\/web\/bimbela\/wp-json\/wp\/v2\/comments?post=2059"}],"version-history":[{"count":4,"href":"https:\/\/www.easp.es\/web\/bimbela\/wp-json\/wp\/v2\/posts\/2059\/revisions"}],"predecessor-version":[{"id":2069,"href":"https:\/\/www.easp.es\/web\/bimbela\/wp-json\/wp\/v2\/posts\/2059\/revisions\/2069"}],"wp:attachment":[{"href":"https:\/\/www.easp.es\/web\/bimbela\/wp-json\/wp\/v2\/media?parent=2059"}],"wp:term":[{"taxonomy":"category","embeddable":true,"href":"https:\/\/www.easp.es\/web\/bimbela\/wp-json\/wp\/v2\/categories?post=2059"},{"taxonomy":"post_tag","embeddable":true,"href":"https:\/\/www.easp.es\/web\/bimbela\/wp-json\/wp\/v2\/tags?post=2059"}],"curies":[{"name":"wp","href":"https:\/\/api.w.org\/{rel}","templated":true}]}}