{"id":2077,"date":"2023-09-25T08:15:17","date_gmt":"2023-09-25T08:15:17","guid":{"rendered":"https:\/\/www.easp.es\/web\/bimbela\/?p=2077"},"modified":"2023-09-25T08:15:18","modified_gmt":"2023-09-25T08:15:18","slug":"y-para-dar-la-bienvenida-al-otono-2023","status":"publish","type":"post","link":"https:\/\/www.easp.es\/web\/bimbela\/2023\/09\/y-para-dar-la-bienvenida-al-otono-2023\/","title":{"rendered":"Y PARA DAR LA BIENVENIDA AL OTO\u00d1O 2023&#8230;"},"content":{"rendered":"\n<p><strong>UN ART\u00cdCULO, RECI\u00c9N PUBLICADO, DEL QUE ESTOY ESPECIALMENTE SATISFECHO&#8230;<\/strong><\/p>\n\n\n\n<ol class=\"wp-block-list\">\n<li>EN ESTE <strong>ENLACE<\/strong> CON  EL N\u00daMERO DE LA <strong>REVISTA FOLIA HUMAN\u00cdSTICA<\/strong> EN LA QUE SE HA PUBLICADO: <a href=\"https:\/\/revista.proeditio.com\/foliahumanistica\/issue\/view\/543\">https:\/\/revista.proeditio.com\/foliahumanistica\/issue\/view\/543<\/a><\/li>\n<\/ol>\n\n\n\n<p>2. EN UN <strong>PDF<\/strong> CON EL ART\u00cdCULO EN CONCRETO: <strong>PREVENCI\u00d3N DEL SUICIDIO. UNA PERSPECTIVA SALUBRISTA. DE LO INDIVIDUAL A LO COLECTIVO<\/strong>.<\/p>\n\n\n\n<div data-wp-interactive=\"core\/file\" class=\"wp-block-file\"><object data-wp-bind--hidden=\"!state.hasPdfPreview\" hidden class=\"wp-block-file__embed\" data=\"https:\/\/www.easp.es\/web\/bimbela\/wp-content\/uploads\/sites\/3\/2023\/09\/Articulo-JL-Bimbela-Folia-Humanistica-Sept.-2023-Version-PUBLICADA.pdf\" type=\"application\/pdf\" style=\"width:100%;height:600px\" aria-label=\"Incrustado de Art\u00edculo JL Bimbela - Folia Human\u00edstica Sept. 2023 - Versi\u00f3n PUBLICADA.\"><\/object><a id=\"wp-block-file--media-284f70af-dede-48d5-8a41-fa47911b209a\" href=\"https:\/\/www.easp.es\/web\/bimbela\/wp-content\/uploads\/sites\/3\/2023\/09\/Articulo-JL-Bimbela-Folia-Humanistica-Sept.-2023-Version-PUBLICADA.pdf\">Art\u00edculo JL Bimbela &#8211; Folia Human\u00edstica Sept. 2023 &#8211; Versi\u00f3n PUBLICADA<\/a><a href=\"https:\/\/www.easp.es\/web\/bimbela\/wp-content\/uploads\/sites\/3\/2023\/09\/Articulo-JL-Bimbela-Folia-Humanistica-Sept.-2023-Version-PUBLICADA.pdf\" class=\"wp-block-file__button wp-element-button\" download aria-describedby=\"wp-block-file--media-284f70af-dede-48d5-8a41-fa47911b209a\">Descarga<\/a><\/div>\n\n\n\n<p><\/p>\n\n\n\n<p><strong>CON UN ABRAZO ENORME Y DURADERO DESDE GRANADA<\/strong><\/p>\n\n\n\n<p><strong>JOS\u00c9 LUIS BIMBELA PEDROLA<\/strong><\/p>\n\n\n\n<p> <\/p>\n","protected":false},"excerpt":{"rendered":"<p>UN ART\u00cdCULO, RECI\u00c9N PUBLICADO, DEL QUE ESTOY ESPECIALMENTE SATISFECHO&#8230; 2. EN UN PDF CON EL ART\u00cdCULO EN CONCRETO: PREVENCI\u00d3N DEL SUICIDIO. UNA PERSPECTIVA SALUBRISTA. DE LO INDIVIDUAL A LO COLECTIVO. CON UN ABRAZO ENORME Y DURADERO DESDE GRANADA JOS\u00c9 LUIS BIMBELA PEDROLA<\/p>\n","protected":false},"author":2,"featured_media":0,"comment_status":"open","ping_status":"open","sticky":false,"template":"","format":"standard","meta":{"footnotes":""},"categories":[3],"tags":[],"class_list":["post-2077","post","type-post","status-publish","format-standard","hentry","category-general"],"_links":{"self":[{"href":"https:\/\/www.easp.es\/web\/bimbela\/wp-json\/wp\/v2\/posts\/2077","targetHints":{"allow":["GET"]}}],"collection":[{"href":"https:\/\/www.easp.es\/web\/bimbela\/wp-json\/wp\/v2\/posts"}],"about":[{"href":"https:\/\/www.easp.es\/web\/bimbela\/wp-json\/wp\/v2\/types\/post"}],"author":[{"embeddable":true,"href":"https:\/\/www.easp.es\/web\/bimbela\/wp-json\/wp\/v2\/users\/2"}],"replies":[{"embeddable":true,"href":"https:\/\/www.easp.es\/web\/bimbela\/wp-json\/wp\/v2\/comments?post=2077"}],"version-history":[{"count":1,"href":"https:\/\/www.easp.es\/web\/bimbela\/wp-json\/wp\/v2\/posts\/2077\/revisions"}],"predecessor-version":[{"id":2079,"href":"https:\/\/www.easp.es\/web\/bimbela\/wp-json\/wp\/v2\/posts\/2077\/revisions\/2079"}],"wp:attachment":[{"href":"https:\/\/www.easp.es\/web\/bimbela\/wp-json\/wp\/v2\/media?parent=2077"}],"wp:term":[{"taxonomy":"category","embeddable":true,"href":"https:\/\/www.easp.es\/web\/bimbela\/wp-json\/wp\/v2\/categories?post=2077"},{"taxonomy":"post_tag","embeddable":true,"href":"https:\/\/www.easp.es\/web\/bimbela\/wp-json\/wp\/v2\/tags?post=2077"}],"curies":[{"name":"wp","href":"https:\/\/api.w.org\/{rel}","templated":true}]}}