{"id":2083,"date":"2023-10-07T05:33:14","date_gmt":"2023-10-07T05:33:14","guid":{"rendered":"https:\/\/www.easp.es\/web\/bimbela\/?p=2083"},"modified":"2023-10-07T05:33:15","modified_gmt":"2023-10-07T05:33:15","slug":"emociones-y-etica-en-cabra-cordoba","status":"publish","type":"post","link":"https:\/\/www.easp.es\/web\/bimbela\/2023\/10\/emociones-y-etica-en-cabra-cordoba\/","title":{"rendered":"EMOCIONES Y \u00c9TICA EN CABRA (C\u00d3RDOBA)"},"content":{"rendered":"\n<p>Maravillosa tarde en Cabra (C\u00f3rdoba) el pasado 5 de octubre.<\/p>\n\n\n\n<p>Invitado por la <strong>ASOCIACI\u00d3N EGABRENSE DE FIBROMIALGIA Y DOLORES CR\u00d3NICOS \u00abABRIENDO CAMINOS\u00bb<\/strong>, a trav\u00e9s de su Presidenta <strong>MARIBEL P\u00c9REZ REPULLO.<\/strong><\/p>\n\n\n\n<p>Hablamos del <strong><em>\u00abAutocuidado \u00e9tico y emocional. YO DECIDO\u00bb<\/em><\/strong>.<\/p>\n\n\n\n<p>Y, como dijeron las autoridades que cerraron el acto, re\u00edmos y lloramos. Sentimos. Compartimos. Vivimos. Crecimos&#8230; juntos.<\/p>\n\n\n\n<p>Una tarde maravillosa, con lleno hasta la bandera, en el precioso Cinestudio Municipal \u00abAntonio Espinar Arcos\u00bb de Cabra.<\/p>\n\n\n\n<p>Fue una fant\u00e1stica forma (pr\u00e1ctica) de celebrar el D\u00eda Mundial del Docente. Uniendo ciencia y vivencia. Teor\u00eda y pr\u00e1ctica. Reflexi\u00f3n y acci\u00f3n. <\/p>\n\n\n\n<p><strong>Gracias, Maribel. Por tu entrega y tu entusiasmo. Por tu pasi\u00f3n y tu cari\u00f1o. <\/strong><\/p>\n\n\n\n<p>Volveremos&#8230;<\/p>\n\n\n\n<figure class=\"wp-block-image size-large\"><img loading=\"lazy\" decoding=\"async\" width=\"1024\" height=\"746\" src=\"https:\/\/www.easp.es\/web\/bimbela\/wp-content\/uploads\/sites\/3\/2023\/10\/IMG_20231005_181129-1024x746.jpg\" alt=\"\" class=\"wp-image-2084\" srcset=\"https:\/\/www.easp.es\/web\/bimbela\/wp-content\/uploads\/sites\/3\/2023\/10\/IMG_20231005_181129-1024x746.jpg 1024w, https:\/\/www.easp.es\/web\/bimbela\/wp-content\/uploads\/sites\/3\/2023\/10\/IMG_20231005_181129-300x219.jpg 300w, https:\/\/www.easp.es\/web\/bimbela\/wp-content\/uploads\/sites\/3\/2023\/10\/IMG_20231005_181129-768x560.jpg 768w, https:\/\/www.easp.es\/web\/bimbela\/wp-content\/uploads\/sites\/3\/2023\/10\/IMG_20231005_181129-1536x1119.jpg 1536w, https:\/\/www.easp.es\/web\/bimbela\/wp-content\/uploads\/sites\/3\/2023\/10\/IMG_20231005_181129-2048x1492.jpg 2048w, https:\/\/www.easp.es\/web\/bimbela\/wp-content\/uploads\/sites\/3\/2023\/10\/IMG_20231005_181129-1200x874.jpg 1200w\" sizes=\"auto, (max-width: 709px) 85vw, (max-width: 909px) 67vw, (max-width: 1362px) 62vw, 840px\" \/><\/figure>\n\n\n\n<p><\/p>\n\n\n\n<figure class=\"wp-block-image size-large\"><img loading=\"lazy\" decoding=\"async\" width=\"776\" height=\"1024\" src=\"https:\/\/www.easp.es\/web\/bimbela\/wp-content\/uploads\/sites\/3\/2023\/10\/IMG_20231006_185109-776x1024.jpg\" alt=\"\" class=\"wp-image-2085\" srcset=\"https:\/\/www.easp.es\/web\/bimbela\/wp-content\/uploads\/sites\/3\/2023\/10\/IMG_20231006_185109-776x1024.jpg 776w, https:\/\/www.easp.es\/web\/bimbela\/wp-content\/uploads\/sites\/3\/2023\/10\/IMG_20231006_185109-227x300.jpg 227w, https:\/\/www.easp.es\/web\/bimbela\/wp-content\/uploads\/sites\/3\/2023\/10\/IMG_20231006_185109-768x1013.jpg 768w, https:\/\/www.easp.es\/web\/bimbela\/wp-content\/uploads\/sites\/3\/2023\/10\/IMG_20231006_185109.jpg 1152w\" sizes=\"auto, (max-width: 709px) 85vw, (max-width: 909px) 67vw, (max-width: 984px) 61vw, (max-width: 1362px) 45vw, 600px\" \/><\/figure>\n","protected":false},"excerpt":{"rendered":"<p>Maravillosa tarde en Cabra (C\u00f3rdoba) el pasado 5 de octubre. Invitado por la ASOCIACI\u00d3N EGABRENSE DE FIBROMIALGIA Y DOLORES CR\u00d3NICOS \u00abABRIENDO CAMINOS\u00bb, a trav\u00e9s de su Presidenta MARIBEL P\u00c9REZ REPULLO. Hablamos del \u00abAutocuidado \u00e9tico y emocional. YO DECIDO\u00bb. Y, como dijeron las autoridades que cerraron el acto, re\u00edmos y lloramos. Sentimos. Compartimos. Vivimos. Crecimos&#8230; juntos. &hellip; <a href=\"https:\/\/www.easp.es\/web\/bimbela\/2023\/10\/emociones-y-etica-en-cabra-cordoba\/\" class=\"more-link\">Continuar leyendo<span class=\"screen-reader-text\"> \u00abEMOCIONES Y \u00c9TICA EN CABRA (C\u00d3RDOBA)\u00bb<\/span><\/a><\/p>\n","protected":false},"author":2,"featured_media":0,"comment_status":"open","ping_status":"open","sticky":false,"template":"","format":"standard","meta":{"footnotes":""},"categories":[3],"tags":[],"class_list":["post-2083","post","type-post","status-publish","format-standard","hentry","category-general"],"_links":{"self":[{"href":"https:\/\/www.easp.es\/web\/bimbela\/wp-json\/wp\/v2\/posts\/2083","targetHints":{"allow":["GET"]}}],"collection":[{"href":"https:\/\/www.easp.es\/web\/bimbela\/wp-json\/wp\/v2\/posts"}],"about":[{"href":"https:\/\/www.easp.es\/web\/bimbela\/wp-json\/wp\/v2\/types\/post"}],"author":[{"embeddable":true,"href":"https:\/\/www.easp.es\/web\/bimbela\/wp-json\/wp\/v2\/users\/2"}],"replies":[{"embeddable":true,"href":"https:\/\/www.easp.es\/web\/bimbela\/wp-json\/wp\/v2\/comments?post=2083"}],"version-history":[{"count":1,"href":"https:\/\/www.easp.es\/web\/bimbela\/wp-json\/wp\/v2\/posts\/2083\/revisions"}],"predecessor-version":[{"id":2086,"href":"https:\/\/www.easp.es\/web\/bimbela\/wp-json\/wp\/v2\/posts\/2083\/revisions\/2086"}],"wp:attachment":[{"href":"https:\/\/www.easp.es\/web\/bimbela\/wp-json\/wp\/v2\/media?parent=2083"}],"wp:term":[{"taxonomy":"category","embeddable":true,"href":"https:\/\/www.easp.es\/web\/bimbela\/wp-json\/wp\/v2\/categories?post=2083"},{"taxonomy":"post_tag","embeddable":true,"href":"https:\/\/www.easp.es\/web\/bimbela\/wp-json\/wp\/v2\/tags?post=2083"}],"curies":[{"name":"wp","href":"https:\/\/api.w.org\/{rel}","templated":true}]}}