{"id":2088,"date":"2023-10-10T09:16:00","date_gmt":"2023-10-10T09:16:00","guid":{"rendered":"https:\/\/www.easp.es\/web\/bimbela\/?p=2088"},"modified":"2023-10-10T09:18:21","modified_gmt":"2023-10-10T09:18:21","slug":"10-de-octubre-dia-mundial-de-la-salud-mental","status":"publish","type":"post","link":"https:\/\/www.easp.es\/web\/bimbela\/2023\/10\/10-de-octubre-dia-mundial-de-la-salud-mental\/","title":{"rendered":"D\u00cdA MUNDIAL DE LA SALUD MENTAL     &#8211;   10 de octubre de 2023"},"content":{"rendered":"\n<p>  <strong>Manifiesto del D\u00eda Mundial de la Salud Mental 2023<\/strong><\/p>\n\n\n\n<h5 class=\"wp-block-heading\"><strong>Manifiesto elaborado por el Comit\u00e9 Pro Salud Mental En Primera Persona y la Red Estatal de Mujeres de la Confederaci\u00f3n SALUD MENTAL ESPA\u00d1A.<\/strong><\/h5>\n\n\n\n<p>Bienvenidas y bienvenidos al D\u00eda Mundial de la Salud Mental, en un a\u00f1o donde la Confederaci\u00f3n Salud Mental Espa\u00f1a cumple 40 a\u00f1os, por los derechos, por ti.<\/p>\n\n\n\n<p>En este d\u00eda, queremos poner de manifiesto que la salud mental es un derecho inherente a la condici\u00f3n humana, y que su disfrute no entiende de barreras ni de fronteras.<\/p>\n\n\n\n<p>Una sociedad con derechos es una sociedad evolucionada.<\/p>\n\n\n\n<p>Sin embargo, lo que podr\u00eda ser una evoluci\u00f3n natural hacia el bienestar, se convierte en un proceso de deshumanizaci\u00f3n por causa de los conflictos b\u00e9licos, la pobreza estructural y la falta de oportunidades.<\/p>\n\n\n\n<p>Nos corresponde a todas las personas recordar que el derecho a la salud mental es la expresi\u00f3n de una voluntad socialmente aceptada, pero que solo ser\u00e1 efectivo si los poderes p\u00fablicos proveen los recursos necesarios. Dicho de otra manera: la falta de inversi\u00f3n en salud mental favorece la vulneraci\u00f3n de derechos.<\/p>\n\n\n\n<p>En principio, el derecho a la salud mental tiene dos lecturas diferenciadas:<\/p>\n\n\n\n<p>Por un lado, el derecho al bienestar y a la participaci\u00f3n en una sociedad respetuosa con la salud mental; que ofrezca confianza en vez de discriminaci\u00f3n, comprensi\u00f3n en vez de exclusi\u00f3n, y paz en vez de miseria.<\/p>\n\n\n\n<p>Por otro lado, y toda vez que se ha experimentado un problema de salud mental, el derecho a un modelo rehabilitador universal, que ahonde en el potencial de las personas y en su proyecci\u00f3n social, de tal manera que la desilusi\u00f3n se convierta en esperanza.<\/p>\n\n\n\n<p>Ante esto, tenemos que estar vigilantes, porque no basta con la formulaci\u00f3n y aceptaci\u00f3n de nuestros derechos: buscamos su realizaci\u00f3n. Y para ello, el \u00fanico signo posible es la lucha continua y la visibilidad de nuestra aspiraci\u00f3n: un proyecto de vida emancipador.<\/p>\n\n\n\n<p>Tenemos las manos cansadas de esperar.<\/p>\n\n\n\n<p>La universalidad y conquista de los derechos pueden empezar desde el v\u00ednculo m\u00e1s cercano, desde la forma de entender las relaciones humanas; hasta el barrio, el pueblo, la ciudad, y por fin, las naciones.<\/p>\n\n\n\n<p>En este punto, la salud mental dejar\u00e1 de ser un gesto para convertirse en una conducta, en una Pol\u00edtica de Estado.<\/p>\n\n\n\n<p>As\u00ed, de la mano de la Convenci\u00f3n de la ONU sobre los derechos de las personas con discapacidad, le pedimos al Estado:<\/p>\n\n\n\n<ul class=\"wp-block-list\">\n<li>Trabajar por la toma de conciencia y el entendimiento de los problemas asociados a la salud mental. El estigma sigue dificultando la pr\u00e1ctica de nuestros derechos.<\/li>\n\n\n\n<li>Procurar un futuro habitable para los ni\u00f1os y ni\u00f1as, para que se desarrollen en un entorno de bienestar emocional.<\/li>\n\n\n\n<li>Garantizar la libertad y seguridad de las personas, as\u00ed como su protecci\u00f3n ante tratos degradantes. Entramos en un nuevo tiempo para la salud mental, y las medidas coercitivas deben dejar paso a espacios de recuperaci\u00f3n compatibles con la dignidad humana.<\/li>\n<\/ul>\n\n\n\n<p>Adem\u00e1s, nuestras reivindicaciones por el derecho a la vida siguen teniendo plena actualidad, y apostamos por que se lleven a cabo campa\u00f1as de sensibilizaci\u00f3n y prevenci\u00f3n del suicidio en el \u00e1mbito escolar, universitario y en la esfera laboral. Se trata de abrir canales de comunicaci\u00f3n y de confianza, ya que al compartir los sentimientos nacer\u00e1n nuevas formas de ver la vida.<\/p>\n\n\n\n<p>El cuidado de la salud mental debe tener un enfoque global, donde todas las personas seamos part\u00edcipes, o de lo contrario mucha de la energ\u00eda invertida se perder\u00e1.<\/p>\n\n\n\n<p>Al final, todo lo que se haga en favor del derecho a la salud mental tendr\u00e1 un retorno real, pues una sociedad con salud mental es una sociedad con bienestar, y en una sociedad con bienestar el ser humano alcanza su sentido.<\/p>\n\n\n\n<p>Salud Mental, Salud Mundial. Un Derecho Universal.<\/p>\n\n\n\n<p>Gracias por escucharnos.<\/p>\n\n\n\n<p><strong>Comit\u00e9 Pro Salud Mental En Primera Persona de SALUD MENTAL ESPA\u00d1A&nbsp;y Red Estatal de Mujeres de SALUD MENTAL ESPA\u00d1A<\/strong><\/p>\n","protected":false},"excerpt":{"rendered":"<p>Manifiesto del D\u00eda Mundial de la Salud Mental 2023 Manifiesto elaborado por el Comit\u00e9 Pro Salud Mental En Primera Persona y la Red Estatal de Mujeres de la Confederaci\u00f3n SALUD MENTAL ESPA\u00d1A. Bienvenidas y bienvenidos al D\u00eda Mundial de la Salud Mental, en un a\u00f1o donde la Confederaci\u00f3n Salud Mental Espa\u00f1a cumple 40 a\u00f1os, por &hellip; <a href=\"https:\/\/www.easp.es\/web\/bimbela\/2023\/10\/10-de-octubre-dia-mundial-de-la-salud-mental\/\" class=\"more-link\">Continuar leyendo<span class=\"screen-reader-text\"> \u00abD\u00cdA MUNDIAL DE LA SALUD MENTAL     &#8211;   10 de octubre de 2023\u00bb<\/span><\/a><\/p>\n","protected":false},"author":2,"featured_media":0,"comment_status":"open","ping_status":"open","sticky":false,"template":"","format":"standard","meta":{"footnotes":""},"categories":[3],"tags":[],"class_list":["post-2088","post","type-post","status-publish","format-standard","hentry","category-general"],"_links":{"self":[{"href":"https:\/\/www.easp.es\/web\/bimbela\/wp-json\/wp\/v2\/posts\/2088","targetHints":{"allow":["GET"]}}],"collection":[{"href":"https:\/\/www.easp.es\/web\/bimbela\/wp-json\/wp\/v2\/posts"}],"about":[{"href":"https:\/\/www.easp.es\/web\/bimbela\/wp-json\/wp\/v2\/types\/post"}],"author":[{"embeddable":true,"href":"https:\/\/www.easp.es\/web\/bimbela\/wp-json\/wp\/v2\/users\/2"}],"replies":[{"embeddable":true,"href":"https:\/\/www.easp.es\/web\/bimbela\/wp-json\/wp\/v2\/comments?post=2088"}],"version-history":[{"count":3,"href":"https:\/\/www.easp.es\/web\/bimbela\/wp-json\/wp\/v2\/posts\/2088\/revisions"}],"predecessor-version":[{"id":2091,"href":"https:\/\/www.easp.es\/web\/bimbela\/wp-json\/wp\/v2\/posts\/2088\/revisions\/2091"}],"wp:attachment":[{"href":"https:\/\/www.easp.es\/web\/bimbela\/wp-json\/wp\/v2\/media?parent=2088"}],"wp:term":[{"taxonomy":"category","embeddable":true,"href":"https:\/\/www.easp.es\/web\/bimbela\/wp-json\/wp\/v2\/categories?post=2088"},{"taxonomy":"post_tag","embeddable":true,"href":"https:\/\/www.easp.es\/web\/bimbela\/wp-json\/wp\/v2\/tags?post=2088"}],"curies":[{"name":"wp","href":"https:\/\/api.w.org\/{rel}","templated":true}]}}