{"id":2099,"date":"2023-11-01T06:05:52","date_gmt":"2023-11-01T06:05:52","guid":{"rendered":"https:\/\/www.easp.es\/web\/bimbela\/?p=2099"},"modified":"2023-11-01T06:39:08","modified_gmt":"2023-11-01T06:39:08","slug":"bondad-practica-y-radical","status":"publish","type":"post","link":"https:\/\/www.easp.es\/web\/bimbela\/2023\/11\/bondad-practica-y-radical\/","title":{"rendered":"BONDAD PR\u00c1CTICA Y RADICAL"},"content":{"rendered":"\n<p>El pr\u00f3ximo lunes <strong>13 de noviembre<\/strong> se celebra (nunca mejor dicho en este caso) el <strong>D\u00eda Mundial de la Bondad<\/strong>.<\/p>\n\n\n\n<p>Este a\u00f1o, voy a intentar poner un granito de arena un poco m\u00e1s grande, en forma de <strong>libro<\/strong> reci\u00e9n publicado: <\/p>\n\n\n\n<p><strong>\u201cBONDAD PR\u00c1CTICA Y RADICAL. Yo conmigo, yo contigo, nosotros y nosotras\u201d<\/strong><\/p>\n\n\n\n<p><a href=\"https:\/\/www.edesclee.com\/colecciones\/serendipity\/bondad-practica-y-radical\">https:\/\/www.edesclee.com\/colecciones\/serendipity\/bondad-practica-y-radical<\/a><\/p>\n\n\n\n<p>Y a modo de presentaci\u00f3n&#8230;<\/p>\n\n\n\n<p>Richard <strong>Davidson<\/strong>, neuropsic\u00f3logo, anuncia: <strong>\u201cLa bondad es la base de un cerebro sano y se puede entrenar\u201d.<\/strong><\/p>\n\n\n\n<p>Ainhoa <strong>Videgain<\/strong>, psicoonc\u00f3loga, pregunta a las personas a las que acompa\u00f1a en sus \u00faltimos d\u00edas: <strong>\u201c\u00bfC\u00f3mo te gustar\u00eda que te recordaran?\u201d<\/strong> Todas, le hablan de aspectos positivos: buena persona, buen padre.<\/p>\n\n\n\n<p>Jorge L. <strong>Tiz\u00f3n<\/strong>, psiquiatra, escribe: <strong>\u201cPuede darse por probada la tendencia solidaria como b\u00e1sica en la humanidad, psicol\u00f3gica y biol\u00f3gicamente\u201d.<\/strong><\/p>\n\n\n\n<p><strong>S\u00cd, ASPIRAMOS A LA BONDAD. LO INTU\u00cdAMOS Y LA CIENCIA LO CONFIRMA.<\/strong><\/p>\n\n\n\n<p>\u00bfCu\u00e1ndo lo olvidamos? \u00bfCu\u00e1ndo dejamos de ejercer esa bondad que nos hace m\u00e1s felices? <\/p>\n\n\n\n<p>\u00bfC\u00f3mo recuperar esa admirable tendencia natural?<\/p>\n\n\n\n<p>En este nuevo libro, propongo que lo hagamos vinculando la <strong>BONDAD<\/strong> con cada una de las 5 dimensiones de la salud: <strong>F\u00cdSICA, EMOCIONAL, SOCIAL, ESPIRITUAL y \u00c9TICA.<\/strong><\/p>\n\n\n\n<p>Recuperemos, por favor, esa fant\u00e1stica capacidad para hacer el bien y hacernos el bien. Y hag\u00e1moslo&#8230;<\/p>\n\n\n\n<p><strong>En la teor\u00eda y en la pr\u00e1ctica.<\/strong><\/p>\n\n\n\n<p><strong>En los d\u00edas luminosos y en las noches oscuras.<\/strong><\/p>\n\n\n\n<p><strong>Con la intenci\u00f3n y con la acci\u00f3n.<\/strong><\/p>\n\n\n\n<p><strong>En cuerpo y alma.<\/strong><\/p>\n\n\n\n<p>Por cierto, todos los beneficios econ\u00f3micos del libro van directamente a la <strong>Asociaci\u00f3n ENTRELIBROS<\/strong> cuyo trabajo, con ni\u00f1os hospitalizados y con otras poblaciones vulnerables, admiro desde hace tiempo: <a href=\"https:\/\/www.asociacionentrelibros.es\/\">https:\/\/www.asociacionentrelibros.es\/<\/a><\/p>\n\n\n\n<p>Jos\u00e9 Luis Bimbela Pedrola<\/p>\n","protected":false},"excerpt":{"rendered":"<p>El pr\u00f3ximo lunes 13 de noviembre se celebra (nunca mejor dicho en este caso) el D\u00eda Mundial de la Bondad. Este a\u00f1o, voy a intentar poner un granito de arena un poco m\u00e1s grande, en forma de libro reci\u00e9n publicado: \u201cBONDAD PR\u00c1CTICA Y RADICAL. Yo conmigo, yo contigo, nosotros y nosotras\u201d https:\/\/www.edesclee.com\/colecciones\/serendipity\/bondad-practica-y-radical Y a modo &hellip; <a href=\"https:\/\/www.easp.es\/web\/bimbela\/2023\/11\/bondad-practica-y-radical\/\" class=\"more-link\">Continuar leyendo<span class=\"screen-reader-text\"> \u00abBONDAD PR\u00c1CTICA Y RADICAL\u00bb<\/span><\/a><\/p>\n","protected":false},"author":2,"featured_media":0,"comment_status":"open","ping_status":"open","sticky":false,"template":"","format":"standard","meta":{"footnotes":""},"categories":[3],"tags":[],"class_list":["post-2099","post","type-post","status-publish","format-standard","hentry","category-general"],"_links":{"self":[{"href":"https:\/\/www.easp.es\/web\/bimbela\/wp-json\/wp\/v2\/posts\/2099","targetHints":{"allow":["GET"]}}],"collection":[{"href":"https:\/\/www.easp.es\/web\/bimbela\/wp-json\/wp\/v2\/posts"}],"about":[{"href":"https:\/\/www.easp.es\/web\/bimbela\/wp-json\/wp\/v2\/types\/post"}],"author":[{"embeddable":true,"href":"https:\/\/www.easp.es\/web\/bimbela\/wp-json\/wp\/v2\/users\/2"}],"replies":[{"embeddable":true,"href":"https:\/\/www.easp.es\/web\/bimbela\/wp-json\/wp\/v2\/comments?post=2099"}],"version-history":[{"count":4,"href":"https:\/\/www.easp.es\/web\/bimbela\/wp-json\/wp\/v2\/posts\/2099\/revisions"}],"predecessor-version":[{"id":2106,"href":"https:\/\/www.easp.es\/web\/bimbela\/wp-json\/wp\/v2\/posts\/2099\/revisions\/2106"}],"wp:attachment":[{"href":"https:\/\/www.easp.es\/web\/bimbela\/wp-json\/wp\/v2\/media?parent=2099"}],"wp:term":[{"taxonomy":"category","embeddable":true,"href":"https:\/\/www.easp.es\/web\/bimbela\/wp-json\/wp\/v2\/categories?post=2099"},{"taxonomy":"post_tag","embeddable":true,"href":"https:\/\/www.easp.es\/web\/bimbela\/wp-json\/wp\/v2\/tags?post=2099"}],"curies":[{"name":"wp","href":"https:\/\/api.w.org\/{rel}","templated":true}]}}