{"id":2110,"date":"2023-11-07T08:40:28","date_gmt":"2023-11-07T08:40:28","guid":{"rendered":"https:\/\/www.easp.es\/web\/bimbela\/?p=2110"},"modified":"2023-11-07T08:40:28","modified_gmt":"2023-11-07T08:40:28","slug":"presentacion-del-libro-bondad-practica-y-radical","status":"publish","type":"post","link":"https:\/\/www.easp.es\/web\/bimbela\/2023\/11\/presentacion-del-libro-bondad-practica-y-radical\/","title":{"rendered":"Presentaci\u00f3n del libro&#8230;              \u00abBONDAD PR\u00c1CTICA Y RADICAL\u00bb"},"content":{"rendered":"\n<p>El pr\u00f3ximo\u00a0<strong>Lunes 13 de noviembre<\/strong>, con motivo de la celebraci\u00f3n del, ya comentado en este Blog,\u00a0<strong>D\u00cdA MUNDIAL DE LA BONDAD<\/strong>, presentaremos el libro\u00a0<strong><em>\u00abBONDAD PR\u00c1CTICA Y RADICAL\u00bb<\/em><\/strong>\u00a0en:<\/p>\n\n\n\n<p><strong>BIBLIOTECA DE ANDALUC\u00cdA &#8211; Sala Val del Omar<\/strong><\/p>\n\n\n\n<p><strong>Calle Profesor Sainz Cantero n\u00ba 6 en Granada 18002<\/strong><\/p>\n\n\n\n<p>Ser\u00e1 a las&nbsp;<strong>19,30 h<\/strong>. y participar\u00e1n en dicha presentaci\u00f3n:<\/p>\n\n\n\n<p><strong>Jos\u00e9 Luis Bimbela.&nbsp;Psic\u00f3logo salubrista y autor del libro<\/strong><\/p>\n\n\n\n<p><strong>Ana R. Cuesta. Enfermera experta en bio\u00e9tica<\/strong><\/p>\n\n\n\n<p><strong>Juan Mata. Fil\u00f3logo. Asociaci\u00f3n ENTRELIBROS<\/strong><\/p>\n\n\n\n<p><strong>Andrea Villarrubia. Fil\u00f3loga. Asociaci\u00f3n ENTRELIBROS<\/strong><\/p>\n\n\n\n<p><strong>OS ESPERAMOS \u00a1\u00a1\u00a1<\/strong><\/p>\n\n\n\n<p><strong>CON UN ABRAZO AGRADECIDO DESDE GRANADA<\/strong><\/p>\n\n\n\n<p>Jos\u00e9 Luis Bimbela Pedrola<\/p>\n\n\n\n<p>PD: Habr\u00e1 tambi\u00e9n&nbsp;<strong>firma de libros<\/strong>.&nbsp;&nbsp;<\/p>\n","protected":false},"excerpt":{"rendered":"<p>El pr\u00f3ximo\u00a0Lunes 13 de noviembre, con motivo de la celebraci\u00f3n del, ya comentado en este Blog,\u00a0D\u00cdA MUNDIAL DE LA BONDAD, presentaremos el libro\u00a0\u00abBONDAD PR\u00c1CTICA Y RADICAL\u00bb\u00a0en: BIBLIOTECA DE ANDALUC\u00cdA &#8211; Sala Val del Omar Calle Profesor Sainz Cantero n\u00ba 6 en Granada 18002 Ser\u00e1 a las&nbsp;19,30 h. y participar\u00e1n en dicha presentaci\u00f3n: Jos\u00e9 Luis Bimbela.&nbsp;Psic\u00f3logo &hellip; <a href=\"https:\/\/www.easp.es\/web\/bimbela\/2023\/11\/presentacion-del-libro-bondad-practica-y-radical\/\" class=\"more-link\">Continuar leyendo<span class=\"screen-reader-text\"> \u00abPresentaci\u00f3n del libro&#8230;              \u00abBONDAD PR\u00c1CTICA Y RADICAL\u00bb\u00bb<\/span><\/a><\/p>\n","protected":false},"author":2,"featured_media":0,"comment_status":"open","ping_status":"open","sticky":false,"template":"","format":"standard","meta":{"footnotes":""},"categories":[3],"tags":[],"class_list":["post-2110","post","type-post","status-publish","format-standard","hentry","category-general"],"_links":{"self":[{"href":"https:\/\/www.easp.es\/web\/bimbela\/wp-json\/wp\/v2\/posts\/2110","targetHints":{"allow":["GET"]}}],"collection":[{"href":"https:\/\/www.easp.es\/web\/bimbela\/wp-json\/wp\/v2\/posts"}],"about":[{"href":"https:\/\/www.easp.es\/web\/bimbela\/wp-json\/wp\/v2\/types\/post"}],"author":[{"embeddable":true,"href":"https:\/\/www.easp.es\/web\/bimbela\/wp-json\/wp\/v2\/users\/2"}],"replies":[{"embeddable":true,"href":"https:\/\/www.easp.es\/web\/bimbela\/wp-json\/wp\/v2\/comments?post=2110"}],"version-history":[{"count":1,"href":"https:\/\/www.easp.es\/web\/bimbela\/wp-json\/wp\/v2\/posts\/2110\/revisions"}],"predecessor-version":[{"id":2111,"href":"https:\/\/www.easp.es\/web\/bimbela\/wp-json\/wp\/v2\/posts\/2110\/revisions\/2111"}],"wp:attachment":[{"href":"https:\/\/www.easp.es\/web\/bimbela\/wp-json\/wp\/v2\/media?parent=2110"}],"wp:term":[{"taxonomy":"category","embeddable":true,"href":"https:\/\/www.easp.es\/web\/bimbela\/wp-json\/wp\/v2\/categories?post=2110"},{"taxonomy":"post_tag","embeddable":true,"href":"https:\/\/www.easp.es\/web\/bimbela\/wp-json\/wp\/v2\/tags?post=2110"}],"curies":[{"name":"wp","href":"https:\/\/api.w.org\/{rel}","templated":true}]}}