{"id":2128,"date":"2023-12-06T06:43:59","date_gmt":"2023-12-06T06:43:59","guid":{"rendered":"https:\/\/www.easp.es\/web\/bimbela\/?p=2128"},"modified":"2023-12-06T06:54:06","modified_gmt":"2023-12-06T06:54:06","slug":"y-el-12-del-12-repetimos-con-la-bondad-practica-y-radical","status":"publish","type":"post","link":"https:\/\/www.easp.es\/web\/bimbela\/2023\/12\/y-el-12-del-12-repetimos-con-la-bondad-practica-y-radical\/","title":{"rendered":"Y EL 12 DEL 12 REPETIMOS CON LA \u00abBONDAD PR\u00c1CTICA Y RADICAL\u00bb"},"content":{"rendered":"\n<p>Me siento muy feliz al anunciar que el pr\u00f3ximo <strong>martes 12 de diciembre<\/strong>, realizaremos, de nuevo en Granada, la segunda presentaci\u00f3n del libro     <strong>\u00abBONDAD PR\u00c1CTICA Y RADICAL\u00bb<\/strong>.<\/p>\n\n\n\n<p>Esta vez ser\u00e1, a las <strong>18,30 h., en el SAL\u00d3N DE ACTOS del HOSPITAL SAN RAFAEL<\/strong> (Calle San Juan de Dios, 19. 18001 Granada).<\/p>\n\n\n\n<p>Contar\u00e1 con la participaci\u00f3n de:<\/p>\n\n\n\n<p><strong>Jos\u00e9 Luis Bimbela<\/strong>. Psic\u00f3logo salubrista y autor del libro<\/p>\n\n\n\n<p><strong>Ana R. Cuesta.<\/strong> Enfermera experta en Bio\u00e9tica<\/p>\n\n\n\n<p><strong>Juan Mata<\/strong>. Fil\u00f3logo. Asociaci\u00f3n ENTRELIBROS<\/p>\n\n\n\n<p><strong>Andrea Villarrubia<\/strong>. Fil\u00f3loga. Asociaci\u00f3n ENTRELIBROS<\/p>\n\n\n\n<p><strong>Mar\u00eda del Mar Olmedo<\/strong>. Psic\u00f3loga. M\u00fasica para Despertar<\/p>\n\n\n\n<p>Es una actividad organizada por la <strong>Fundaci\u00f3n ALBIHAR<\/strong> y con la colaboraci\u00f3n de la <strong>Orden Hospitalaria de San Juan de Dios<\/strong>.<\/p>\n\n\n\n<p>Al final del acto, el autor firmar\u00e1 ejemplares del libro, que estar\u00e1n a la venta en el mismo lugar de la presentaci\u00f3n.<\/p>\n\n\n\n<p>Se recuerda que: <strong>el autor cede sus beneficios econ\u00f3micos por la venta de <\/strong><strong><em>BONDAD. Pr\u00e1ctica y radical <\/em>a la Asociaci\u00f3n ENTRELIBROS<\/strong>.<\/p>\n\n\n\n<p><strong>\u00a1\u00a1 OS ESPERAMOS !!<\/strong><\/p>\n\n\n\n<p>Jos\u00e9 Luis Bimbela Pedrola<\/p>\n\n\n\n<p><\/p>\n","protected":false},"excerpt":{"rendered":"<p>Me siento muy feliz al anunciar que el pr\u00f3ximo martes 12 de diciembre, realizaremos, de nuevo en Granada, la segunda presentaci\u00f3n del libro \u00abBONDAD PR\u00c1CTICA Y RADICAL\u00bb. Esta vez ser\u00e1, a las 18,30 h., en el SAL\u00d3N DE ACTOS del HOSPITAL SAN RAFAEL (Calle San Juan de Dios, 19. 18001 Granada). Contar\u00e1 con la participaci\u00f3n &hellip; <a href=\"https:\/\/www.easp.es\/web\/bimbela\/2023\/12\/y-el-12-del-12-repetimos-con-la-bondad-practica-y-radical\/\" class=\"more-link\">Continuar leyendo<span class=\"screen-reader-text\"> \u00abY EL 12 DEL 12 REPETIMOS CON LA \u00abBONDAD PR\u00c1CTICA Y RADICAL\u00bb\u00bb<\/span><\/a><\/p>\n","protected":false},"author":2,"featured_media":0,"comment_status":"open","ping_status":"open","sticky":false,"template":"","format":"standard","meta":{"footnotes":""},"categories":[3],"tags":[],"class_list":["post-2128","post","type-post","status-publish","format-standard","hentry","category-general"],"_links":{"self":[{"href":"https:\/\/www.easp.es\/web\/bimbela\/wp-json\/wp\/v2\/posts\/2128","targetHints":{"allow":["GET"]}}],"collection":[{"href":"https:\/\/www.easp.es\/web\/bimbela\/wp-json\/wp\/v2\/posts"}],"about":[{"href":"https:\/\/www.easp.es\/web\/bimbela\/wp-json\/wp\/v2\/types\/post"}],"author":[{"embeddable":true,"href":"https:\/\/www.easp.es\/web\/bimbela\/wp-json\/wp\/v2\/users\/2"}],"replies":[{"embeddable":true,"href":"https:\/\/www.easp.es\/web\/bimbela\/wp-json\/wp\/v2\/comments?post=2128"}],"version-history":[{"count":1,"href":"https:\/\/www.easp.es\/web\/bimbela\/wp-json\/wp\/v2\/posts\/2128\/revisions"}],"predecessor-version":[{"id":2129,"href":"https:\/\/www.easp.es\/web\/bimbela\/wp-json\/wp\/v2\/posts\/2128\/revisions\/2129"}],"wp:attachment":[{"href":"https:\/\/www.easp.es\/web\/bimbela\/wp-json\/wp\/v2\/media?parent=2128"}],"wp:term":[{"taxonomy":"category","embeddable":true,"href":"https:\/\/www.easp.es\/web\/bimbela\/wp-json\/wp\/v2\/categories?post=2128"},{"taxonomy":"post_tag","embeddable":true,"href":"https:\/\/www.easp.es\/web\/bimbela\/wp-json\/wp\/v2\/tags?post=2128"}],"curies":[{"name":"wp","href":"https:\/\/api.w.org\/{rel}","templated":true}]}}