{"id":2145,"date":"2024-01-30T06:24:36","date_gmt":"2024-01-30T06:24:36","guid":{"rendered":"https:\/\/www.easp.es\/web\/bimbela\/?p=2145"},"modified":"2024-01-30T06:28:26","modified_gmt":"2024-01-30T06:28:26","slug":"este-ano-lo-celebrare-en-barcelona","status":"publish","type":"post","link":"https:\/\/www.easp.es\/web\/bimbela\/2024\/01\/este-ano-lo-celebrare-en-barcelona\/","title":{"rendered":"ESTE A\u00d1O LO CELEBRAR\u00c9 EN BARCELONA\u2026"},"content":{"rendered":"\n<p>LO PRIMERO:&nbsp;\u00a1\u00a1 <strong>MUY FELIZ Y SALUDABLE 2024 !!<\/strong><\/p>\n\n\n\n<p>LO SEGUNDO: ESTE A\u00d1O VOY A CELEBRAR EL&nbsp;<strong>D\u00cdA INTERNACIONAL DE LA FELICIDAD<\/strong>&nbsp;(<strong>20 DE MARZO<\/strong>) EN&nbsp;<strong>BARCELONA&nbsp;<\/strong>, PRESENTANDO MI \u00daLTIMO LIBRO:<\/p>\n\n\n\n<p><strong>BONDAD PR\u00c1CTICA Y RADICA<\/strong><strong>L. Yo conmigo, yo contigo, nosotros y nosotras.<\/strong><\/p>\n\n\n\n<p><strong>Os espero, a las\u00a019 horas,\u00a0en la Librer\u00eda\u00a0CASA DEL LIBRO, Paseo de Gracia, 62.\u00a0<\/strong> <strong>Barcelona.<\/strong><\/p>\n\n\n\n<p>Me acompa\u00f1ar\u00e1n en la mesa inicial:<\/p>\n\n\n\n<p><strong>Ana R. Cuesta. Enfermera y experta en bio\u00e9tica.<\/strong><\/p>\n\n\n\n<p><strong>Ainhoa Videgain. Psicoonc\u00f3loga y docente.<\/strong><\/p>\n\n\n\n<p><strong>Marcel Bimbela. Soci\u00f3logo y counselor.<\/strong><\/p>\n\n\n\n<p>Nos vemos en Barcelona \u00a1\u00a1<\/p>\n\n\n\n<p>Un fuerte y c\u00e1lido abrazo desde Granada<\/p>\n\n\n\n<p>Jos\u00e9 Luis Bimbela Pedrola<\/p>\n\n\n\n<p><strong>PD: En cuanto tenga las fechas y lugares concretos confirmados, informar\u00e9 de las presentaciones en M\u00e1laga, Madrid y Sevilla.<\/strong><\/p>\n","protected":false},"excerpt":{"rendered":"<p>LO PRIMERO:&nbsp;\u00a1\u00a1 MUY FELIZ Y SALUDABLE 2024 !! LO SEGUNDO: ESTE A\u00d1O VOY A CELEBRAR EL&nbsp;D\u00cdA INTERNACIONAL DE LA FELICIDAD&nbsp;(20 DE MARZO) EN&nbsp;BARCELONA&nbsp;, PRESENTANDO MI \u00daLTIMO LIBRO: BONDAD PR\u00c1CTICA Y RADICAL. Yo conmigo, yo contigo, nosotros y nosotras. Os espero, a las\u00a019 horas,\u00a0en la Librer\u00eda\u00a0CASA DEL LIBRO, Paseo de Gracia, 62.\u00a0 Barcelona. Me acompa\u00f1ar\u00e1n en &hellip; <a href=\"https:\/\/www.easp.es\/web\/bimbela\/2024\/01\/este-ano-lo-celebrare-en-barcelona\/\" class=\"more-link\">Continuar leyendo<span class=\"screen-reader-text\"> \u00abESTE A\u00d1O LO CELEBRAR\u00c9 EN BARCELONA\u2026\u00bb<\/span><\/a><\/p>\n","protected":false},"author":2,"featured_media":0,"comment_status":"open","ping_status":"open","sticky":false,"template":"","format":"standard","meta":{"footnotes":""},"categories":[3],"tags":[],"class_list":["post-2145","post","type-post","status-publish","format-standard","hentry","category-general"],"_links":{"self":[{"href":"https:\/\/www.easp.es\/web\/bimbela\/wp-json\/wp\/v2\/posts\/2145","targetHints":{"allow":["GET"]}}],"collection":[{"href":"https:\/\/www.easp.es\/web\/bimbela\/wp-json\/wp\/v2\/posts"}],"about":[{"href":"https:\/\/www.easp.es\/web\/bimbela\/wp-json\/wp\/v2\/types\/post"}],"author":[{"embeddable":true,"href":"https:\/\/www.easp.es\/web\/bimbela\/wp-json\/wp\/v2\/users\/2"}],"replies":[{"embeddable":true,"href":"https:\/\/www.easp.es\/web\/bimbela\/wp-json\/wp\/v2\/comments?post=2145"}],"version-history":[{"count":2,"href":"https:\/\/www.easp.es\/web\/bimbela\/wp-json\/wp\/v2\/posts\/2145\/revisions"}],"predecessor-version":[{"id":2148,"href":"https:\/\/www.easp.es\/web\/bimbela\/wp-json\/wp\/v2\/posts\/2145\/revisions\/2148"}],"wp:attachment":[{"href":"https:\/\/www.easp.es\/web\/bimbela\/wp-json\/wp\/v2\/media?parent=2145"}],"wp:term":[{"taxonomy":"category","embeddable":true,"href":"https:\/\/www.easp.es\/web\/bimbela\/wp-json\/wp\/v2\/categories?post=2145"},{"taxonomy":"post_tag","embeddable":true,"href":"https:\/\/www.easp.es\/web\/bimbela\/wp-json\/wp\/v2\/tags?post=2145"}],"curies":[{"name":"wp","href":"https:\/\/api.w.org\/{rel}","templated":true}]}}