{"id":2161,"date":"2024-03-16T09:09:00","date_gmt":"2024-03-16T09:09:00","guid":{"rendered":"https:\/\/www.easp.es\/web\/bimbela\/?p=2161"},"modified":"2024-03-16T09:09:01","modified_gmt":"2024-03-16T09:09:01","slug":"ya-tenemos-fecha-para-la-presentacion-en-sevilla","status":"publish","type":"post","link":"https:\/\/www.easp.es\/web\/bimbela\/2024\/03\/ya-tenemos-fecha-para-la-presentacion-en-sevilla\/","title":{"rendered":"\u00a1\u00a1 YA TENEMOS FECHA PARA LA PRESENTACI\u00d3N EN SEVILLA !!"},"content":{"rendered":"\n<p id=\"yui_3_17_2_1_1710579945361_25\"><strong><br><em>PRESENTACI\u00d3N LIBRO \u00abBONDAD PR\u00c1CTICA Y RADICAL\u00bb<\/em><\/strong><\/p>\n\n\n\n<p><strong>Mi\u00e9rcoles 11 DE SEPTIEMBRE DE 2024, 18,30 horas<\/strong><\/p>\n\n\n\n<p><strong>Colegio de Enfermer\u00eda de Sevilla.&nbsp;<\/strong>Avda. Ram\u00f3n y Cajal, 20 &#8211;&nbsp;41005 SEVILLA<\/p>\n\n\n\n<p>Con la participaci\u00f3n de:&nbsp;<\/p>\n\n\n\n<p><strong>Jos\u00e9 Luis Bimbela<\/strong><strong>.&nbsp;Psic\u00f3logo salubrista y autor del libro.<\/strong><\/p>\n\n\n\n<p><strong>Roc\u00edo de Diego.&nbsp;<\/strong><strong>Enfermera y doctora en Sociolog\u00eda.<\/strong><\/p>\n\n\n\n<p><strong>Antonio Barbero.&nbsp;Enfermero y doctor en Ciencias de la Salud.<\/strong><\/p>\n\n\n\n<p><strong>Ana R. Cuesta.&nbsp;Enfermera y experta en Bio\u00e9tica.<\/strong><\/p>\n\n\n\n<p><strong>Y&#8230;&nbsp;TODAS las personas que asistan al acto.<\/strong><\/p>\n\n\n\n<p><strong>OS ESPERAMOS \u00a1\u00a1<\/strong><\/p>\n\n\n\n<p><strong>ABRAZOS desde GRANADA<\/strong><\/p>\n\n\n\n<p><strong>Jos\u00e9 Luis Bimbela Pedrola<\/strong><\/p>\n","protected":false},"excerpt":{"rendered":"<p>PRESENTACI\u00d3N LIBRO \u00abBONDAD PR\u00c1CTICA Y RADICAL\u00bb Mi\u00e9rcoles 11 DE SEPTIEMBRE DE 2024, 18,30 horas Colegio de Enfermer\u00eda de Sevilla.&nbsp;Avda. Ram\u00f3n y Cajal, 20 &#8211;&nbsp;41005 SEVILLA Con la participaci\u00f3n de:&nbsp; Jos\u00e9 Luis Bimbela.&nbsp;Psic\u00f3logo salubrista y autor del libro. Roc\u00edo de Diego.&nbsp;Enfermera y doctora en Sociolog\u00eda. Antonio Barbero.&nbsp;Enfermero y doctor en Ciencias de la Salud. Ana R. &hellip; <a href=\"https:\/\/www.easp.es\/web\/bimbela\/2024\/03\/ya-tenemos-fecha-para-la-presentacion-en-sevilla\/\" class=\"more-link\">Continuar leyendo<span class=\"screen-reader-text\"> \u00ab\u00a1\u00a1 YA TENEMOS FECHA PARA LA PRESENTACI\u00d3N EN SEVILLA !!\u00bb<\/span><\/a><\/p>\n","protected":false},"author":2,"featured_media":0,"comment_status":"open","ping_status":"open","sticky":false,"template":"","format":"standard","meta":{"footnotes":""},"categories":[3],"tags":[],"class_list":["post-2161","post","type-post","status-publish","format-standard","hentry","category-general"],"_links":{"self":[{"href":"https:\/\/www.easp.es\/web\/bimbela\/wp-json\/wp\/v2\/posts\/2161","targetHints":{"allow":["GET"]}}],"collection":[{"href":"https:\/\/www.easp.es\/web\/bimbela\/wp-json\/wp\/v2\/posts"}],"about":[{"href":"https:\/\/www.easp.es\/web\/bimbela\/wp-json\/wp\/v2\/types\/post"}],"author":[{"embeddable":true,"href":"https:\/\/www.easp.es\/web\/bimbela\/wp-json\/wp\/v2\/users\/2"}],"replies":[{"embeddable":true,"href":"https:\/\/www.easp.es\/web\/bimbela\/wp-json\/wp\/v2\/comments?post=2161"}],"version-history":[{"count":1,"href":"https:\/\/www.easp.es\/web\/bimbela\/wp-json\/wp\/v2\/posts\/2161\/revisions"}],"predecessor-version":[{"id":2162,"href":"https:\/\/www.easp.es\/web\/bimbela\/wp-json\/wp\/v2\/posts\/2161\/revisions\/2162"}],"wp:attachment":[{"href":"https:\/\/www.easp.es\/web\/bimbela\/wp-json\/wp\/v2\/media?parent=2161"}],"wp:term":[{"taxonomy":"category","embeddable":true,"href":"https:\/\/www.easp.es\/web\/bimbela\/wp-json\/wp\/v2\/categories?post=2161"},{"taxonomy":"post_tag","embeddable":true,"href":"https:\/\/www.easp.es\/web\/bimbela\/wp-json\/wp\/v2\/tags?post=2161"}],"curies":[{"name":"wp","href":"https:\/\/api.w.org\/{rel}","templated":true}]}}