{"id":2164,"date":"2024-03-22T14:59:58","date_gmt":"2024-03-22T14:59:58","guid":{"rendered":"https:\/\/www.easp.es\/web\/bimbela\/?p=2164"},"modified":"2024-03-25T11:59:29","modified_gmt":"2024-03-25T11:59:29","slug":"emotivo-y-bondadoso-doblete-en-barcelona","status":"publish","type":"post","link":"https:\/\/www.easp.es\/web\/bimbela\/2024\/03\/emotivo-y-bondadoso-doblete-en-barcelona\/","title":{"rendered":"\u00a1\u00a1 EMOTIVO Y \u00abBONDADOSO\u00bb DOBLETE EN BARCELONA\u00bb"},"content":{"rendered":"\n<p>El pasado mi\u00e9rcoles 20 de marzo (D\u00eda Internacional de la Felicidad) disfrut\u00e9 de un \u00abdoblete\u00bb maravilloso en Barcelona, mi ciudad natal.<\/p>\n\n\n\n<p>Por la ma\u00f1ana, impart\u00ed la conferencia <strong>\u00abBONDAD Y FELICIDAD. Una perspectiva salubrista. De lo individual a lo colectivo\u00bb<\/strong>, en el Colegio de M\u00e9dicos de Barcelona, invitado por el <strong>Dr. Joan A. Cayl\u00e0<\/strong> de la Fundaci\u00f3n de la Unidad de Investigaci\u00f3n en Tuberculosis (El pr\u00f3ximo 24 de marzo es el D\u00eda Mundial de la Tuberculosis):<\/p>\n\n\n\n<figure class=\"wp-block-image size-large is-resized\"><img loading=\"lazy\" decoding=\"async\" width=\"473\" height=\"1024\" src=\"https:\/\/www.easp.es\/web\/bimbela\/wp-content\/uploads\/sites\/3\/2024\/03\/IMG-20240321-WA0028-473x1024.jpg\" alt=\"\" class=\"wp-image-2165\" style=\"width:630px;height:auto\" srcset=\"https:\/\/www.easp.es\/web\/bimbela\/wp-content\/uploads\/sites\/3\/2024\/03\/IMG-20240321-WA0028-473x1024.jpg 473w, https:\/\/www.easp.es\/web\/bimbela\/wp-content\/uploads\/sites\/3\/2024\/03\/IMG-20240321-WA0028-139x300.jpg 139w, https:\/\/www.easp.es\/web\/bimbela\/wp-content\/uploads\/sites\/3\/2024\/03\/IMG-20240321-WA0028-768x1663.jpg 768w, https:\/\/www.easp.es\/web\/bimbela\/wp-content\/uploads\/sites\/3\/2024\/03\/IMG-20240321-WA0028-710x1536.jpg 710w, https:\/\/www.easp.es\/web\/bimbela\/wp-content\/uploads\/sites\/3\/2024\/03\/IMG-20240321-WA0028.jpg 946w\" sizes=\"auto, (max-width: 473px) 85vw, 473px\" \/><\/figure>\n\n\n\n<p><\/p>\n\n\n\n<p>Y por la tarde, como anunci\u00e9 en su momento en este Blog, present\u00e9 mi \u00faltimo libro \u00ab<strong>BONDAD Pr\u00e1ctica y radical<\/strong>\u00bb en la Librer\u00eda Casa del Libro del Paseo de Gracia, acompa\u00f1ado por <strong>Marcel Bimbela, Ana R. Cuesta y Ainhoa Videgain<\/strong>: <\/p>\n\n\n\n<figure class=\"wp-block-image size-full\"><img loading=\"lazy\" decoding=\"async\" width=\"1024\" height=\"659\" src=\"https:\/\/www.easp.es\/web\/bimbela\/wp-content\/uploads\/sites\/3\/2024\/03\/IMG-20240321-WA0003.jpg\" alt=\"\" class=\"wp-image-2166\" srcset=\"https:\/\/www.easp.es\/web\/bimbela\/wp-content\/uploads\/sites\/3\/2024\/03\/IMG-20240321-WA0003.jpg 1024w, https:\/\/www.easp.es\/web\/bimbela\/wp-content\/uploads\/sites\/3\/2024\/03\/IMG-20240321-WA0003-300x193.jpg 300w, https:\/\/www.easp.es\/web\/bimbela\/wp-content\/uploads\/sites\/3\/2024\/03\/IMG-20240321-WA0003-768x494.jpg 768w\" sizes=\"auto, (max-width: 709px) 85vw, (max-width: 909px) 67vw, (max-width: 1362px) 62vw, 840px\" \/><\/figure>\n\n\n\n<p><\/p>\n\n\n\n<figure class=\"wp-block-image size-large\"><img loading=\"lazy\" decoding=\"async\" width=\"1024\" height=\"768\" src=\"https:\/\/www.easp.es\/web\/bimbela\/wp-content\/uploads\/sites\/3\/2024\/03\/IMG-20240324-WA0024-1024x768.jpg\" alt=\"\" class=\"wp-image-2174\" srcset=\"https:\/\/www.easp.es\/web\/bimbela\/wp-content\/uploads\/sites\/3\/2024\/03\/IMG-20240324-WA0024-1024x768.jpg 1024w, https:\/\/www.easp.es\/web\/bimbela\/wp-content\/uploads\/sites\/3\/2024\/03\/IMG-20240324-WA0024-300x225.jpg 300w, https:\/\/www.easp.es\/web\/bimbela\/wp-content\/uploads\/sites\/3\/2024\/03\/IMG-20240324-WA0024-768x576.jpg 768w, https:\/\/www.easp.es\/web\/bimbela\/wp-content\/uploads\/sites\/3\/2024\/03\/IMG-20240324-WA0024-1536x1152.jpg 1536w, https:\/\/www.easp.es\/web\/bimbela\/wp-content\/uploads\/sites\/3\/2024\/03\/IMG-20240324-WA0024-1200x900.jpg 1200w, https:\/\/www.easp.es\/web\/bimbela\/wp-content\/uploads\/sites\/3\/2024\/03\/IMG-20240324-WA0024.jpg 1600w\" sizes=\"auto, (max-width: 709px) 85vw, (max-width: 909px) 67vw, (max-width: 1362px) 62vw, 840px\" \/><\/figure>\n\n\n\n<p><\/p>\n\n\n\n<p><strong>GRACIAS, JOAN A.<\/strong><\/p>\n\n\n\n<p><strong>GRACIAS, MARCEL<\/strong><\/p>\n\n\n\n<p><strong>GRACIAS, ANA<\/strong><\/p>\n\n\n\n<p><strong>GRACIAS, AINHOA<\/strong><\/p>\n\n\n\n<p>Un d\u00eda inolvidable, lleno de <strong>FELICIDAD, BONDAD, ALEGR\u00cdA Y MUCHO, MUCHO AMOR <\/strong>\u00a1\u00a1 <\/p>\n\n\n\n<p>Jos\u00e9 Luis Bimbela Pedrola<\/p>\n\n\n\n<p><\/p>\n\n\n\n<p><\/p>\n\n\n\n<p><\/p>\n\n\n\n<p><\/p>\n","protected":false},"excerpt":{"rendered":"<p>El pasado mi\u00e9rcoles 20 de marzo (D\u00eda Internacional de la Felicidad) disfrut\u00e9 de un \u00abdoblete\u00bb maravilloso en Barcelona, mi ciudad natal. Por la ma\u00f1ana, impart\u00ed la conferencia \u00abBONDAD Y FELICIDAD. Una perspectiva salubrista. De lo individual a lo colectivo\u00bb, en el Colegio de M\u00e9dicos de Barcelona, invitado por el Dr. Joan A. Cayl\u00e0 de la &hellip; <a href=\"https:\/\/www.easp.es\/web\/bimbela\/2024\/03\/emotivo-y-bondadoso-doblete-en-barcelona\/\" class=\"more-link\">Continuar leyendo<span class=\"screen-reader-text\"> \u00ab\u00a1\u00a1 EMOTIVO Y \u00abBONDADOSO\u00bb DOBLETE EN BARCELONA\u00bb\u00bb<\/span><\/a><\/p>\n","protected":false},"author":2,"featured_media":0,"comment_status":"open","ping_status":"open","sticky":false,"template":"","format":"standard","meta":{"footnotes":""},"categories":[3],"tags":[],"class_list":["post-2164","post","type-post","status-publish","format-standard","hentry","category-general"],"_links":{"self":[{"href":"https:\/\/www.easp.es\/web\/bimbela\/wp-json\/wp\/v2\/posts\/2164","targetHints":{"allow":["GET"]}}],"collection":[{"href":"https:\/\/www.easp.es\/web\/bimbela\/wp-json\/wp\/v2\/posts"}],"about":[{"href":"https:\/\/www.easp.es\/web\/bimbela\/wp-json\/wp\/v2\/types\/post"}],"author":[{"embeddable":true,"href":"https:\/\/www.easp.es\/web\/bimbela\/wp-json\/wp\/v2\/users\/2"}],"replies":[{"embeddable":true,"href":"https:\/\/www.easp.es\/web\/bimbela\/wp-json\/wp\/v2\/comments?post=2164"}],"version-history":[{"count":4,"href":"https:\/\/www.easp.es\/web\/bimbela\/wp-json\/wp\/v2\/posts\/2164\/revisions"}],"predecessor-version":[{"id":2175,"href":"https:\/\/www.easp.es\/web\/bimbela\/wp-json\/wp\/v2\/posts\/2164\/revisions\/2175"}],"wp:attachment":[{"href":"https:\/\/www.easp.es\/web\/bimbela\/wp-json\/wp\/v2\/media?parent=2164"}],"wp:term":[{"taxonomy":"category","embeddable":true,"href":"https:\/\/www.easp.es\/web\/bimbela\/wp-json\/wp\/v2\/categories?post=2164"},{"taxonomy":"post_tag","embeddable":true,"href":"https:\/\/www.easp.es\/web\/bimbela\/wp-json\/wp\/v2\/tags?post=2164"}],"curies":[{"name":"wp","href":"https:\/\/api.w.org\/{rel}","templated":true}]}}