{"id":2179,"date":"2024-04-13T08:12:01","date_gmt":"2024-04-13T08:12:01","guid":{"rendered":"https:\/\/www.easp.es\/web\/bimbela\/?p=2179"},"modified":"2024-04-15T05:34:31","modified_gmt":"2024-04-15T05:34:31","slug":"confirmada-nueva-fecha-y-ponentes-presentacion-libro-bondad-practica-y-radical-en-madrid","status":"publish","type":"post","link":"https:\/\/www.easp.es\/web\/bimbela\/2024\/04\/confirmada-nueva-fecha-y-ponentes-presentacion-libro-bondad-practica-y-radical-en-madrid\/","title":{"rendered":"Confirmada NUEVA FECHA Y PONENTES presentaci\u00f3n LIBRO \u00abBONDAD pr\u00e1ctica y radical\u00bb en MADRID"},"content":{"rendered":"\n<p id=\"yui_3_17_2_1_1712995702283_30\">PRESENTACI\u00d3N del LIBRO \u00ab<strong>BONDAD PR\u00c1CTICA Y RADICAL<\/strong>\u00ab<\/p>\n\n\n\n<p id=\"yui_3_17_2_1_1712995702283_30\"><strong>MARTES 25 DE JUNIO DE 2024, 18,30 horas<\/strong><\/p>\n\n\n\n<p><strong>ATENEO DE MADRID<\/strong>. Sala Ram\u00f3n y Cajal. Calle del Prado, 21&nbsp;&#8211; 28014 MADRID<\/p>\n\n\n\n<p>Con la participaci\u00f3n de:&nbsp;<\/p>\n\n\n\n<p><strong>Jos\u00e9 Luis Bimbela<\/strong>.&nbsp;Psic\u00f3logo salubrista y autor del libro.<\/p>\n\n\n\n<p><strong>Vicky Zunzunegui<\/strong>.&nbsp;Epidemi\u00f3loga y docente.<\/p>\n\n\n\n<p><strong>Ana R. Cuesta<\/strong>.&nbsp;Enfermera y experta en Bio\u00e9tica.<\/p>\n\n\n\n<p><strong>Gema Abuin<\/strong>. Experta en organizaciones saludables y docente.<\/p>\n\n\n\n<p>Y&#8230;&nbsp;TODAS las personas que asistan al acto.<\/p>\n\n\n\n<p>OS ESPERAMOS llenos de alegr\u00eda y amor\u00a1\u00a1<\/p>\n\n\n\n<p>ABRAZOS desde GRANADA<\/p>\n\n\n\n<p>Jos\u00e9 Luis Bimbela Pedrola<\/p>\n\n\n\n<p>PD: <strong>El autor cede sus beneficios econ\u00f3micos por la venta de \u00ab<em>BONDAD. Pr\u00e1ctica y radical\u00bb <\/em>a la asociaci\u00f3n ENTRELIBROS<\/strong>.<\/p>\n","protected":false},"excerpt":{"rendered":"<p>PRESENTACI\u00d3N del LIBRO \u00abBONDAD PR\u00c1CTICA Y RADICAL\u00ab MARTES 25 DE JUNIO DE 2024, 18,30 horas ATENEO DE MADRID. Sala Ram\u00f3n y Cajal. Calle del Prado, 21&nbsp;&#8211; 28014 MADRID Con la participaci\u00f3n de:&nbsp; Jos\u00e9 Luis Bimbela.&nbsp;Psic\u00f3logo salubrista y autor del libro. Vicky Zunzunegui.&nbsp;Epidemi\u00f3loga y docente. Ana R. Cuesta.&nbsp;Enfermera y experta en Bio\u00e9tica. Gema Abuin. Experta en &hellip; <a href=\"https:\/\/www.easp.es\/web\/bimbela\/2024\/04\/confirmada-nueva-fecha-y-ponentes-presentacion-libro-bondad-practica-y-radical-en-madrid\/\" class=\"more-link\">Continuar leyendo<span class=\"screen-reader-text\"> \u00abConfirmada NUEVA FECHA Y PONENTES presentaci\u00f3n LIBRO \u00abBONDAD pr\u00e1ctica y radical\u00bb en MADRID\u00bb<\/span><\/a><\/p>\n","protected":false},"author":2,"featured_media":0,"comment_status":"open","ping_status":"open","sticky":false,"template":"","format":"standard","meta":{"footnotes":""},"categories":[3],"tags":[],"class_list":["post-2179","post","type-post","status-publish","format-standard","hentry","category-general"],"_links":{"self":[{"href":"https:\/\/www.easp.es\/web\/bimbela\/wp-json\/wp\/v2\/posts\/2179","targetHints":{"allow":["GET"]}}],"collection":[{"href":"https:\/\/www.easp.es\/web\/bimbela\/wp-json\/wp\/v2\/posts"}],"about":[{"href":"https:\/\/www.easp.es\/web\/bimbela\/wp-json\/wp\/v2\/types\/post"}],"author":[{"embeddable":true,"href":"https:\/\/www.easp.es\/web\/bimbela\/wp-json\/wp\/v2\/users\/2"}],"replies":[{"embeddable":true,"href":"https:\/\/www.easp.es\/web\/bimbela\/wp-json\/wp\/v2\/comments?post=2179"}],"version-history":[{"count":3,"href":"https:\/\/www.easp.es\/web\/bimbela\/wp-json\/wp\/v2\/posts\/2179\/revisions"}],"predecessor-version":[{"id":2183,"href":"https:\/\/www.easp.es\/web\/bimbela\/wp-json\/wp\/v2\/posts\/2179\/revisions\/2183"}],"wp:attachment":[{"href":"https:\/\/www.easp.es\/web\/bimbela\/wp-json\/wp\/v2\/media?parent=2179"}],"wp:term":[{"taxonomy":"category","embeddable":true,"href":"https:\/\/www.easp.es\/web\/bimbela\/wp-json\/wp\/v2\/categories?post=2179"},{"taxonomy":"post_tag","embeddable":true,"href":"https:\/\/www.easp.es\/web\/bimbela\/wp-json\/wp\/v2\/tags?post=2179"}],"curies":[{"name":"wp","href":"https:\/\/api.w.org\/{rel}","templated":true}]}}