{"id":2222,"date":"2024-06-15T05:59:05","date_gmt":"2024-06-15T05:59:05","guid":{"rendered":"https:\/\/www.easp.es\/web\/bimbela\/?p=2222"},"modified":"2024-06-15T05:59:06","modified_gmt":"2024-06-15T05:59:06","slug":"recordatorio-nos-vemos-el-25-de-junio-en-el-ateneo-de-madrid","status":"publish","type":"post","link":"https:\/\/www.easp.es\/web\/bimbela\/2024\/06\/recordatorio-nos-vemos-el-25-de-junio-en-el-ateneo-de-madrid\/","title":{"rendered":"RECORDATORIO: NOS VEMOS EL 25 DE JUNIO EN EL ATENEO DE MADRID"},"content":{"rendered":"\n<p><br>Despu\u00e9s de Granada, Barcelona, Cuenca y C\u00f3rdoba&#8230; PRESENTAMOS EL LIBROS&nbsp;<strong>\u00abBONDAD PR\u00c1CTICA Y RADICAL\u00bb<\/strong>&nbsp;EN MADRID, EN EL&nbsp;<strong>ATENEO DE MADRID<\/strong>.<\/p>\n\n\n\n<p><strong>MARTES 25 DE JUNIO DE 2024, 18,30 horas<\/strong><\/p>\n\n\n\n<p><strong>ATENEO DE MADRID. Sala Ram\u00f3n y Cajal. Calle del Prado, 21&nbsp;&#8211; 28014 MADRID<\/strong><\/p>\n\n\n\n<p>Con la participaci\u00f3n de:&nbsp;<\/p>\n\n\n\n<p><strong>Jos\u00e9 Luis Bimbela<\/strong>.&nbsp;Psic\u00f3logo salubrista y autor del libro.<\/p>\n\n\n\n<p><strong>Vicky Zunzunegui.<\/strong>&nbsp;Epidemi\u00f3loga y docente.<\/p>\n\n\n\n<p><strong>Ana R. Cuesta<\/strong>.&nbsp;Enfermera y experta en Bio\u00e9tica.<\/p>\n\n\n\n<p><strong>Gema Abuin<\/strong>. Experta en organizaciones saludables y docente.<\/p>\n\n\n\n<p>Y&#8230;&nbsp;<strong>TODAS las personas que asistan al acto.<\/strong><\/p>\n\n\n\n<p>OS ESPERAMOS llenos de&nbsp;<strong>alegr\u00eda, ENERG\u00cdA y amor\u00a1\u00a1<\/strong><\/p>\n\n\n\n<p>ABRAZOS desde GRANADA<\/p>\n\n\n\n<p>Jos\u00e9 Luis Bimbela Pedrola<\/p>\n\n\n\n<p><strong>PD:&nbsp;El autor cede sus beneficios econ\u00f3micos por la venta de \u00ab<em>BONDAD. Pr\u00e1ct<\/em><em>ica y radical\u00bb&nbsp;<\/em>a la asociaci\u00f3n ENTRELIBROS.<\/strong><\/p>\n\n\n\n<figure class=\"wp-block-image size-large is-resized\"><img loading=\"lazy\" decoding=\"async\" width=\"724\" height=\"1024\" src=\"https:\/\/www.easp.es\/web\/bimbela\/wp-content\/uploads\/sites\/3\/2024\/06\/Cartel-NEW-Presentacion-libro-BONDAD-Ateneo-Madrid-2024-724x1024.jpg\" alt=\"\" class=\"wp-image-2223\" style=\"width:630px;height:auto\" srcset=\"https:\/\/www.easp.es\/web\/bimbela\/wp-content\/uploads\/sites\/3\/2024\/06\/Cartel-NEW-Presentacion-libro-BONDAD-Ateneo-Madrid-2024-724x1024.jpg 724w, https:\/\/www.easp.es\/web\/bimbela\/wp-content\/uploads\/sites\/3\/2024\/06\/Cartel-NEW-Presentacion-libro-BONDAD-Ateneo-Madrid-2024-212x300.jpg 212w, https:\/\/www.easp.es\/web\/bimbela\/wp-content\/uploads\/sites\/3\/2024\/06\/Cartel-NEW-Presentacion-libro-BONDAD-Ateneo-Madrid-2024-768x1086.jpg 768w, https:\/\/www.easp.es\/web\/bimbela\/wp-content\/uploads\/sites\/3\/2024\/06\/Cartel-NEW-Presentacion-libro-BONDAD-Ateneo-Madrid-2024-1086x1536.jpg 1086w, https:\/\/www.easp.es\/web\/bimbela\/wp-content\/uploads\/sites\/3\/2024\/06\/Cartel-NEW-Presentacion-libro-BONDAD-Ateneo-Madrid-2024.jpg 1131w\" sizes=\"auto, (max-width: 709px) 85vw, (max-width: 909px) 67vw, (max-width: 984px) 61vw, (max-width: 1362px) 45vw, 600px\" \/><\/figure>\n\n\n\n<p><\/p>\n\n\n\n<p><\/p>\n\n\n\n<p><\/p>\n\n\n\n<p><\/p>\n\n\n\n<p><\/p>\n","protected":false},"excerpt":{"rendered":"<p>Despu\u00e9s de Granada, Barcelona, Cuenca y C\u00f3rdoba&#8230; PRESENTAMOS EL LIBROS&nbsp;\u00abBONDAD PR\u00c1CTICA Y RADICAL\u00bb&nbsp;EN MADRID, EN EL&nbsp;ATENEO DE MADRID. MARTES 25 DE JUNIO DE 2024, 18,30 horas ATENEO DE MADRID. Sala Ram\u00f3n y Cajal. Calle del Prado, 21&nbsp;&#8211; 28014 MADRID Con la participaci\u00f3n de:&nbsp; Jos\u00e9 Luis Bimbela.&nbsp;Psic\u00f3logo salubrista y autor del libro. Vicky Zunzunegui.&nbsp;Epidemi\u00f3loga y docente. &hellip; <a href=\"https:\/\/www.easp.es\/web\/bimbela\/2024\/06\/recordatorio-nos-vemos-el-25-de-junio-en-el-ateneo-de-madrid\/\" class=\"more-link\">Continuar leyendo<span class=\"screen-reader-text\"> \u00abRECORDATORIO: NOS VEMOS EL 25 DE JUNIO EN EL ATENEO DE MADRID\u00bb<\/span><\/a><\/p>\n","protected":false},"author":2,"featured_media":0,"comment_status":"open","ping_status":"open","sticky":false,"template":"","format":"standard","meta":{"footnotes":""},"categories":[3],"tags":[],"class_list":["post-2222","post","type-post","status-publish","format-standard","hentry","category-general"],"_links":{"self":[{"href":"https:\/\/www.easp.es\/web\/bimbela\/wp-json\/wp\/v2\/posts\/2222","targetHints":{"allow":["GET"]}}],"collection":[{"href":"https:\/\/www.easp.es\/web\/bimbela\/wp-json\/wp\/v2\/posts"}],"about":[{"href":"https:\/\/www.easp.es\/web\/bimbela\/wp-json\/wp\/v2\/types\/post"}],"author":[{"embeddable":true,"href":"https:\/\/www.easp.es\/web\/bimbela\/wp-json\/wp\/v2\/users\/2"}],"replies":[{"embeddable":true,"href":"https:\/\/www.easp.es\/web\/bimbela\/wp-json\/wp\/v2\/comments?post=2222"}],"version-history":[{"count":1,"href":"https:\/\/www.easp.es\/web\/bimbela\/wp-json\/wp\/v2\/posts\/2222\/revisions"}],"predecessor-version":[{"id":2224,"href":"https:\/\/www.easp.es\/web\/bimbela\/wp-json\/wp\/v2\/posts\/2222\/revisions\/2224"}],"wp:attachment":[{"href":"https:\/\/www.easp.es\/web\/bimbela\/wp-json\/wp\/v2\/media?parent=2222"}],"wp:term":[{"taxonomy":"category","embeddable":true,"href":"https:\/\/www.easp.es\/web\/bimbela\/wp-json\/wp\/v2\/categories?post=2222"},{"taxonomy":"post_tag","embeddable":true,"href":"https:\/\/www.easp.es\/web\/bimbela\/wp-json\/wp\/v2\/tags?post=2222"}],"curies":[{"name":"wp","href":"https:\/\/api.w.org\/{rel}","templated":true}]}}