{"id":2226,"date":"2024-06-21T14:22:58","date_gmt":"2024-06-21T14:22:58","guid":{"rendered":"https:\/\/www.easp.es\/web\/bimbela\/?p=2226"},"modified":"2024-06-21T14:33:03","modified_gmt":"2024-06-21T14:33:03","slug":"una-intensa-y-apasionante-semana-formativa-en-granada","status":"publish","type":"post","link":"https:\/\/www.easp.es\/web\/bimbela\/2024\/06\/una-intensa-y-apasionante-semana-formativa-en-granada\/","title":{"rendered":"Una intensa y muy apasionante semana formativa en Granada&#8230;"},"content":{"rendered":"\n<p><strong>Martes 18 de Junio:<\/strong><\/p>\n\n\n\n<p>Conferencia virtual sobre el <strong>\u201c<em>Modelo PRECEDE<\/em>\u201d<\/strong> en el M\u00f3dulo \u201cEducaci\u00f3n Sexual y Salud Reproductiva\u00bb del \u201cM\u00e1ster en Promoci\u00f3n de la Salud 2023-24&#8243; de la <strong>Escuela Andaluza de Salud P\u00fablica<\/strong> de Granada.<\/p>\n\n\n\n<p>Contenido clave: \u00ab<strong>Diagn\u00f3stico conductual a trav\u00e9s del MODELO PRECEDE<\/strong>\u00ab.<\/p>\n\n\n\n<p>Frase clave: <strong><em>\u201cHabr\u00e1 que reconocer que el comportamiento humano es mucho m\u00e1s complejo que cualquier virus\u201d<\/em><\/strong> (<strong>Jonathan Mann<\/strong>).<\/p>\n\n\n\n<p>Agradecimientos: A la <strong>Dra. Gracia Maroto<\/strong> por la invitaci\u00f3n; y a las\/os profesionales asistentes por la atenci\u00f3n y la participaci\u00f3n.<\/p>\n\n\n\n<p><\/p>\n\n\n\n<p><strong>Mi\u00e9rcoles 19 de Junio:<\/strong><\/p>\n\n\n\n<p>Conferencia inaugural <strong><em>\u201cFilosof\u00eda, cirug\u00eda y Rock\u2019n roll\u201d<\/em><\/strong> en la XVII Reuni\u00f3n de la Asociaci\u00f3n Andaluza de Cirujanos\u201d en la <strong>Facultad de Medicina <\/strong>de Granada.<\/p>\n\n\n\n<p>Contenido clave: \u00ab<strong>Autocuidado \u00e9tico y emocional para cirujanas y cirujanos<\/strong>\u00ab.<\/p>\n\n\n\n<p>Frase clave: <strong><em>\u201cEl movimiento m\u00e1s radical y m\u00e1s humano es el de cuidarnos\u201d<\/em><\/strong> (<strong>Josep Maria Esquirol<\/strong>).<\/p>\n\n\n\n<p>Agradecimientos: Al <strong>Dr. Benito Mir\u00f3n<\/strong> por la invitaci\u00f3n (y el t\u00edtulo); y a las\/os cirujanas\/os asistentes por la atenci\u00f3n y la participaci\u00f3n.<\/p>\n\n\n\n<p><\/p>\n\n\n\n<p><strong>Jueves 20 de Junio:<\/strong><\/p>\n\n\n\n<p>Conferencia de clausura <strong><em>\u201cYo conmigo, yo contigo, nosotros y nosotras\u201d<\/em><\/strong> en la I Jornada de ELA (Esclerosis Lateral Amiotr\u00f3fica) en el <strong>Hospital Universitario Virgen de las Nieves <\/strong>de Granada.<\/p>\n\n\n\n<p>Contenido clave: \u00ab<strong>La bondad, la salud y el cuidado empiezan por una misma, por uno mismo\u00bb.<\/strong><\/p>\n\n\n\n<p>Frase clave: <strong><em>\u201cEstamos en el mundo para ampliar el conocimiento y para ampliar el amor\u201d<\/em><\/strong> (<strong>Bertrand Russell<\/strong>).<\/p>\n\n\n\n<p>Agradecimientos: A <strong>Lola Vellido, enfermera gestora de casos<\/strong>, por la invitaci\u00f3n; y a los asistentes (profesionales de la salud, pacientes y familiares cuidadores) por la atenci\u00f3n y la participaci\u00f3n. Y a Ana, por la FOTO:<\/p>\n\n\n\n<figure class=\"wp-block-image size-large\"><img loading=\"lazy\" decoding=\"async\" width=\"1024\" height=\"955\" src=\"https:\/\/www.easp.es\/web\/bimbela\/wp-content\/uploads\/sites\/3\/2024\/06\/IMG_20240621_060707-1024x955.jpg\" alt=\"\" class=\"wp-image-2227\" srcset=\"https:\/\/www.easp.es\/web\/bimbela\/wp-content\/uploads\/sites\/3\/2024\/06\/IMG_20240621_060707-1024x955.jpg 1024w, https:\/\/www.easp.es\/web\/bimbela\/wp-content\/uploads\/sites\/3\/2024\/06\/IMG_20240621_060707-300x280.jpg 300w, https:\/\/www.easp.es\/web\/bimbela\/wp-content\/uploads\/sites\/3\/2024\/06\/IMG_20240621_060707-768x717.jpg 768w, https:\/\/www.easp.es\/web\/bimbela\/wp-content\/uploads\/sites\/3\/2024\/06\/IMG_20240621_060707-1200x1120.jpg 1200w, https:\/\/www.easp.es\/web\/bimbela\/wp-content\/uploads\/sites\/3\/2024\/06\/IMG_20240621_060707.jpg 1536w\" sizes=\"auto, (max-width: 709px) 85vw, (max-width: 909px) 67vw, (max-width: 1362px) 62vw, 840px\" \/><\/figure>\n\n\n\n<p><\/p>\n\n\n\n<p><strong>\u00a1\u00a1 ABRAZO MUY AGRADECIDO A TODAS Y A TODOS !!<\/strong><\/p>\n\n\n\n<p>Jos\u00e9 Luis Bimbela Pedrola<\/p>\n\n\n\n<p><\/p>\n\n\n\n<p><\/p>\n\n\n\n<p><\/p>\n\n\n\n<p><\/p>\n\n\n\n<p><\/p>\n\n\n\n<p><\/p>\n","protected":false},"excerpt":{"rendered":"<p>Martes 18 de Junio: Conferencia virtual sobre el \u201cModelo PRECEDE\u201d en el M\u00f3dulo \u201cEducaci\u00f3n Sexual y Salud Reproductiva\u00bb del \u201cM\u00e1ster en Promoci\u00f3n de la Salud 2023-24&#8243; de la Escuela Andaluza de Salud P\u00fablica de Granada. Contenido clave: \u00abDiagn\u00f3stico conductual a trav\u00e9s del MODELO PRECEDE\u00ab. Frase clave: \u201cHabr\u00e1 que reconocer que el comportamiento humano es mucho &hellip; <a href=\"https:\/\/www.easp.es\/web\/bimbela\/2024\/06\/una-intensa-y-apasionante-semana-formativa-en-granada\/\" class=\"more-link\">Continuar leyendo<span class=\"screen-reader-text\"> \u00abUna intensa y muy apasionante semana formativa en Granada&#8230;\u00bb<\/span><\/a><\/p>\n","protected":false},"author":2,"featured_media":0,"comment_status":"open","ping_status":"open","sticky":false,"template":"","format":"standard","meta":{"footnotes":""},"categories":[3],"tags":[],"class_list":["post-2226","post","type-post","status-publish","format-standard","hentry","category-general"],"_links":{"self":[{"href":"https:\/\/www.easp.es\/web\/bimbela\/wp-json\/wp\/v2\/posts\/2226","targetHints":{"allow":["GET"]}}],"collection":[{"href":"https:\/\/www.easp.es\/web\/bimbela\/wp-json\/wp\/v2\/posts"}],"about":[{"href":"https:\/\/www.easp.es\/web\/bimbela\/wp-json\/wp\/v2\/types\/post"}],"author":[{"embeddable":true,"href":"https:\/\/www.easp.es\/web\/bimbela\/wp-json\/wp\/v2\/users\/2"}],"replies":[{"embeddable":true,"href":"https:\/\/www.easp.es\/web\/bimbela\/wp-json\/wp\/v2\/comments?post=2226"}],"version-history":[{"count":2,"href":"https:\/\/www.easp.es\/web\/bimbela\/wp-json\/wp\/v2\/posts\/2226\/revisions"}],"predecessor-version":[{"id":2230,"href":"https:\/\/www.easp.es\/web\/bimbela\/wp-json\/wp\/v2\/posts\/2226\/revisions\/2230"}],"wp:attachment":[{"href":"https:\/\/www.easp.es\/web\/bimbela\/wp-json\/wp\/v2\/media?parent=2226"}],"wp:term":[{"taxonomy":"category","embeddable":true,"href":"https:\/\/www.easp.es\/web\/bimbela\/wp-json\/wp\/v2\/categories?post=2226"},{"taxonomy":"post_tag","embeddable":true,"href":"https:\/\/www.easp.es\/web\/bimbela\/wp-json\/wp\/v2\/tags?post=2226"}],"curies":[{"name":"wp","href":"https:\/\/api.w.org\/{rel}","templated":true}]}}