{"id":2231,"date":"2024-06-26T12:35:03","date_gmt":"2024-06-26T12:35:03","guid":{"rendered":"https:\/\/www.easp.es\/web\/bimbela\/?p=2231"},"modified":"2024-06-27T04:59:43","modified_gmt":"2024-06-27T04:59:43","slug":"emotiva-y-energizante-presentacion-del-libro-bondad-practica-y-radical-en-el-ateneo-de-madrid","status":"publish","type":"post","link":"https:\/\/www.easp.es\/web\/bimbela\/2024\/06\/emotiva-y-energizante-presentacion-del-libro-bondad-practica-y-radical-en-el-ateneo-de-madrid\/","title":{"rendered":"EMOTIVA Y ENERGIZANTE PRESENTACI\u00d3N DEL LIBRO \u00abBONDAD PR\u00c1CTICA Y RADICAL\u00bb EN EL ATENEO DE  MADRID."},"content":{"rendered":"\n<p>Ayer, martes 25 de junio de 2024, presentamos el libro <em><strong>\u00abBONDAD PR\u00c1CTICA Y RADICAL\u00bb <\/strong><\/em>en el <strong>ATENEO DE MADRID<\/strong>.<\/p>\n\n\n\n<p>La Sala Ram\u00f3n y Cajal se llen\u00f3 de un p\u00fablico apasionado y muy participativo; que gener\u00f3, tras la presentaci\u00f3n por parte de los miembros de la mesa, un debate intenso y profundo. Se habl\u00f3 y reflexion\u00f3 sobre la bondad y la maldad. Sobre lo individual y lo colectivo. Sobre los colores y las im\u00e1genes que pueden representar esa bondad pr\u00e1ctica y radical que da t\u00edtulo al libro.  Se habl\u00f3 tambi\u00e9n de los actos de elecci\u00f3n y de las decisiones personales. Y del arte sanador. Y de otras cosas&#8230; <\/p>\n\n\n\n<p>Gracias a todas y a todos por la activ\u00edsima participaci\u00f3n y por las continuas y emocionantes muestras de afecto (verbales y no verbales).<\/p>\n\n\n\n<p>Gracias a las personas que me acompa\u00f1aron en la mesa: <strong>Vicky Zunzunegui, Gema Abuin y Ana R. Cuesta <\/strong>(que, por un inesperado contratiempo, no pudo desplazarse a Madrid y nos envi\u00f3 un l\u00facido audio que la hizo presente). <\/p>\n\n\n\n<p>Gracias a las personas que vinieron a la presentaci\u00f3n. De algunas de las cuales conozco sus nombres y me gustar\u00eda citarlos aqu\u00ed: <strong>Eva, Marta, Rodolfo, Ernesto, Carmen, Jes\u00fas y Max, Jos\u00e9 Manuel y Ana (L), Marcos y Yolanda (y sus amigos), Mar\u00eda, Ana (Z), Bea, Alicia (P), Alicia (T), Sara, Fali, Jos\u00e9 Antonio, Nuria&#8230;<\/strong><\/p>\n\n\n\n<p><strong>\u00a1\u00a1\u00a1 GRACIAS, DE TODO CORAZ\u00d3N. ME LLENASTEIS DE AMOR, DE BONDAD Y&#8230; DE ENERG\u00cdA !!!<\/strong><\/p>\n\n\n\n<figure class=\"wp-block-image size-large\"><img loading=\"lazy\" decoding=\"async\" width=\"773\" height=\"1024\" src=\"https:\/\/www.easp.es\/web\/bimbela\/wp-content\/uploads\/sites\/3\/2024\/06\/Presentacion-MAD-1-773x1024.jpg\" alt=\"\" class=\"wp-image-2232\" srcset=\"https:\/\/www.easp.es\/web\/bimbela\/wp-content\/uploads\/sites\/3\/2024\/06\/Presentacion-MAD-1-773x1024.jpg 773w, https:\/\/www.easp.es\/web\/bimbela\/wp-content\/uploads\/sites\/3\/2024\/06\/Presentacion-MAD-1-227x300.jpg 227w, https:\/\/www.easp.es\/web\/bimbela\/wp-content\/uploads\/sites\/3\/2024\/06\/Presentacion-MAD-1-768x1017.jpg 768w, https:\/\/www.easp.es\/web\/bimbela\/wp-content\/uploads\/sites\/3\/2024\/06\/Presentacion-MAD-1.jpg 1034w\" sizes=\"auto, (max-width: 709px) 85vw, (max-width: 909px) 67vw, (max-width: 984px) 61vw, (max-width: 1362px) 45vw, 600px\" \/><\/figure>\n\n\n\n<p><\/p>\n\n\n\n<figure class=\"wp-block-image size-large\"><img loading=\"lazy\" decoding=\"async\" width=\"1024\" height=\"861\" src=\"https:\/\/www.easp.es\/web\/bimbela\/wp-content\/uploads\/sites\/3\/2024\/06\/Presentacion-MAD-3-1024x861.jpg\" alt=\"\" class=\"wp-image-2233\" srcset=\"https:\/\/www.easp.es\/web\/bimbela\/wp-content\/uploads\/sites\/3\/2024\/06\/Presentacion-MAD-3-1024x861.jpg 1024w, https:\/\/www.easp.es\/web\/bimbela\/wp-content\/uploads\/sites\/3\/2024\/06\/Presentacion-MAD-3-300x252.jpg 300w, https:\/\/www.easp.es\/web\/bimbela\/wp-content\/uploads\/sites\/3\/2024\/06\/Presentacion-MAD-3-768x646.jpg 768w, https:\/\/www.easp.es\/web\/bimbela\/wp-content\/uploads\/sites\/3\/2024\/06\/Presentacion-MAD-3-1536x1292.jpg 1536w, https:\/\/www.easp.es\/web\/bimbela\/wp-content\/uploads\/sites\/3\/2024\/06\/Presentacion-MAD-3-1200x1009.jpg 1200w, https:\/\/www.easp.es\/web\/bimbela\/wp-content\/uploads\/sites\/3\/2024\/06\/Presentacion-MAD-3.jpg 1842w\" sizes=\"auto, (max-width: 709px) 85vw, (max-width: 909px) 67vw, (max-width: 1362px) 62vw, 840px\" \/><\/figure>\n\n\n\n<p><\/p>\n\n\n\n<p>JOS\u00c9 LUIS BIMBELA PEDROLA, Granada, 26 de junio de 2024.<\/p>\n\n\n\n<p><\/p>\n\n\n\n<p><\/p>\n\n\n\n<p><\/p>\n\n\n\n<p><\/p>\n\n\n\n<p><\/p>\n","protected":false},"excerpt":{"rendered":"<p>Ayer, martes 25 de junio de 2024, presentamos el libro \u00abBONDAD PR\u00c1CTICA Y RADICAL\u00bb en el ATENEO DE MADRID. La Sala Ram\u00f3n y Cajal se llen\u00f3 de un p\u00fablico apasionado y muy participativo; que gener\u00f3, tras la presentaci\u00f3n por parte de los miembros de la mesa, un debate intenso y profundo. Se habl\u00f3 y reflexion\u00f3 &hellip; <a href=\"https:\/\/www.easp.es\/web\/bimbela\/2024\/06\/emotiva-y-energizante-presentacion-del-libro-bondad-practica-y-radical-en-el-ateneo-de-madrid\/\" class=\"more-link\">Continuar leyendo<span class=\"screen-reader-text\"> \u00abEMOTIVA Y ENERGIZANTE PRESENTACI\u00d3N DEL LIBRO \u00abBONDAD PR\u00c1CTICA Y RADICAL\u00bb EN EL ATENEO DE  MADRID.\u00bb<\/span><\/a><\/p>\n","protected":false},"author":2,"featured_media":0,"comment_status":"open","ping_status":"open","sticky":false,"template":"","format":"standard","meta":{"footnotes":""},"categories":[3],"tags":[],"class_list":["post-2231","post","type-post","status-publish","format-standard","hentry","category-general"],"_links":{"self":[{"href":"https:\/\/www.easp.es\/web\/bimbela\/wp-json\/wp\/v2\/posts\/2231","targetHints":{"allow":["GET"]}}],"collection":[{"href":"https:\/\/www.easp.es\/web\/bimbela\/wp-json\/wp\/v2\/posts"}],"about":[{"href":"https:\/\/www.easp.es\/web\/bimbela\/wp-json\/wp\/v2\/types\/post"}],"author":[{"embeddable":true,"href":"https:\/\/www.easp.es\/web\/bimbela\/wp-json\/wp\/v2\/users\/2"}],"replies":[{"embeddable":true,"href":"https:\/\/www.easp.es\/web\/bimbela\/wp-json\/wp\/v2\/comments?post=2231"}],"version-history":[{"count":3,"href":"https:\/\/www.easp.es\/web\/bimbela\/wp-json\/wp\/v2\/posts\/2231\/revisions"}],"predecessor-version":[{"id":2236,"href":"https:\/\/www.easp.es\/web\/bimbela\/wp-json\/wp\/v2\/posts\/2231\/revisions\/2236"}],"wp:attachment":[{"href":"https:\/\/www.easp.es\/web\/bimbela\/wp-json\/wp\/v2\/media?parent=2231"}],"wp:term":[{"taxonomy":"category","embeddable":true,"href":"https:\/\/www.easp.es\/web\/bimbela\/wp-json\/wp\/v2\/categories?post=2231"},{"taxonomy":"post_tag","embeddable":true,"href":"https:\/\/www.easp.es\/web\/bimbela\/wp-json\/wp\/v2\/tags?post=2231"}],"curies":[{"name":"wp","href":"https:\/\/api.w.org\/{rel}","templated":true}]}}