{"id":2238,"date":"2024-07-02T06:06:33","date_gmt":"2024-07-02T06:06:33","guid":{"rendered":"https:\/\/www.easp.es\/web\/bimbela\/?p=2238"},"modified":"2024-07-02T08:59:39","modified_gmt":"2024-07-02T08:59:39","slug":"apoyando-a-la-comunidad-de-personas-que-conviven-con-enfermedades-reumaticas","status":"publish","type":"post","link":"https:\/\/www.easp.es\/web\/bimbela\/2024\/07\/apoyando-a-la-comunidad-de-personas-que-conviven-con-enfermedades-reumaticas\/","title":{"rendered":"APOYANDO A LA COMUNIDAD DE PERSONAS QUE CONVIVEN CON ENFERMEDADES REUM\u00c1TICAS"},"content":{"rendered":"\n<p>Ayer, lunes 1 de julio de 2024, tuve el honor de pronunciar la Conferencia de clausura en la <strong>Gala REUMARED<\/strong> que se celebr\u00f3 en Barcelona, para entregar los premios a la comunicaci\u00f3n audiovisual en reumatolog\u00eda.<\/p>\n\n\n\n<p>Gracias, <strong>Xavier Bretones<\/strong> (Liga Reumatol\u00f3gica Espa\u00f1ola), por la invitaci\u00f3n.<\/p>\n\n\n\n<p>La conferencia, en formato virtual, se titul\u00f3 <strong><em>\u00abGESTI\u00d3N BONDADOSA DEL DOLOR. De lo f\u00edsico a lo emocional. Y de lo social a lo espiritual\u00bb<\/em><\/strong>.<\/p>\n\n\n\n<p>Puede verse (desde el minuto 58), junto al resto de una Gala que result\u00f3 divertida, interesant\u00edsima y muy inspiradora, en el siguiente enlace: <a href=\"https:\/\/www.youtube.com\/watch?v=G_sQVDd8MvM\" target=\"_blank\" rel=\"noreferrer noopener\"><strong>https:\/\/www.youtube.com\/watch?v=G_sQVDd8MvM<\/strong><\/a><\/p>\n\n\n\n<figure class=\"wp-block-image size-large\"><img loading=\"lazy\" decoding=\"async\" width=\"1024\" height=\"664\" src=\"https:\/\/www.easp.es\/web\/bimbela\/wp-content\/uploads\/sites\/3\/2024\/07\/Gala-Reuma-BCN-1024x664.jpg\" alt=\"\" class=\"wp-image-2239\" srcset=\"https:\/\/www.easp.es\/web\/bimbela\/wp-content\/uploads\/sites\/3\/2024\/07\/Gala-Reuma-BCN-1024x664.jpg 1024w, https:\/\/www.easp.es\/web\/bimbela\/wp-content\/uploads\/sites\/3\/2024\/07\/Gala-Reuma-BCN-300x194.jpg 300w, https:\/\/www.easp.es\/web\/bimbela\/wp-content\/uploads\/sites\/3\/2024\/07\/Gala-Reuma-BCN-768x498.jpg 768w, https:\/\/www.easp.es\/web\/bimbela\/wp-content\/uploads\/sites\/3\/2024\/07\/Gala-Reuma-BCN-1536x996.jpg 1536w, https:\/\/www.easp.es\/web\/bimbela\/wp-content\/uploads\/sites\/3\/2024\/07\/Gala-Reuma-BCN-2048x1328.jpg 2048w, https:\/\/www.easp.es\/web\/bimbela\/wp-content\/uploads\/sites\/3\/2024\/07\/Gala-Reuma-BCN-1200x778.jpg 1200w\" sizes=\"auto, (max-width: 709px) 85vw, (max-width: 909px) 67vw, (max-width: 1362px) 62vw, 840px\" \/><figcaption class=\"wp-element-caption\">rbt<\/figcaption><\/figure>\n\n\n\n<figure class=\"wp-block-image size-large\"><img loading=\"lazy\" decoding=\"async\" width=\"1024\" height=\"608\" src=\"https:\/\/www.easp.es\/web\/bimbela\/wp-content\/uploads\/sites\/3\/2024\/07\/Foto-Evento-REMA-BCN-1024x608.jpg\" alt=\"\" class=\"wp-image-2240\" srcset=\"https:\/\/www.easp.es\/web\/bimbela\/wp-content\/uploads\/sites\/3\/2024\/07\/Foto-Evento-REMA-BCN-1024x608.jpg 1024w, https:\/\/www.easp.es\/web\/bimbela\/wp-content\/uploads\/sites\/3\/2024\/07\/Foto-Evento-REMA-BCN-300x178.jpg 300w, https:\/\/www.easp.es\/web\/bimbela\/wp-content\/uploads\/sites\/3\/2024\/07\/Foto-Evento-REMA-BCN-768x456.jpg 768w, https:\/\/www.easp.es\/web\/bimbela\/wp-content\/uploads\/sites\/3\/2024\/07\/Foto-Evento-REMA-BCN-1536x913.jpg 1536w, https:\/\/www.easp.es\/web\/bimbela\/wp-content\/uploads\/sites\/3\/2024\/07\/Foto-Evento-REMA-BCN-2048x1217.jpg 2048w, https:\/\/www.easp.es\/web\/bimbela\/wp-content\/uploads\/sites\/3\/2024\/07\/Foto-Evento-REMA-BCN-1200x713.jpg 1200w\" sizes=\"auto, (max-width: 709px) 85vw, (max-width: 909px) 67vw, (max-width: 1362px) 62vw, 840px\" \/><figcaption class=\"wp-element-caption\">rbt<\/figcaption><\/figure>\n\n\n\n<p>Adjunto tambi\u00e9n el enlace con la Web de la asociaci\u00f3n <strong>reu+ COMUNIDAD DE PERSONAS QUE CONVIVEN CON ENFERMEDADES REUM\u00c1TICAS<\/strong>, para todas aquellas personas que est\u00e9n interesadas en el tema: <a href=\"https:\/\/www.reumas.org\/es\/quienes-somos\/\" target=\"_blank\" rel=\"noreferrer noopener\"><strong>https:\/\/www.reumas.org\/es\/quienes-somos\/<\/strong><\/a><\/p>\n\n\n\n<p>Con un abrazo c\u00e1lido, duradero y solidario desde Granada.<\/p>\n\n\n\n<p>Jos\u00e9 Luis Bimbela Pedrola<\/p>\n\n\n\n<p><\/p>\n\n\n\n<p><\/p>\n\n\n\n<p><\/p>\n\n\n\n<p><\/p>\n","protected":false},"excerpt":{"rendered":"<p>Ayer, lunes 1 de julio de 2024, tuve el honor de pronunciar la Conferencia de clausura en la Gala REUMARED que se celebr\u00f3 en Barcelona, para entregar los premios a la comunicaci\u00f3n audiovisual en reumatolog\u00eda. Gracias, Xavier Bretones (Liga Reumatol\u00f3gica Espa\u00f1ola), por la invitaci\u00f3n. La conferencia, en formato virtual, se titul\u00f3 \u00abGESTI\u00d3N BONDADOSA DEL DOLOR. &hellip; <a href=\"https:\/\/www.easp.es\/web\/bimbela\/2024\/07\/apoyando-a-la-comunidad-de-personas-que-conviven-con-enfermedades-reumaticas\/\" class=\"more-link\">Continuar leyendo<span class=\"screen-reader-text\"> \u00abAPOYANDO A LA COMUNIDAD DE PERSONAS QUE CONVIVEN CON ENFERMEDADES REUM\u00c1TICAS\u00bb<\/span><\/a><\/p>\n","protected":false},"author":2,"featured_media":0,"comment_status":"open","ping_status":"open","sticky":false,"template":"","format":"standard","meta":{"footnotes":""},"categories":[3],"tags":[],"class_list":["post-2238","post","type-post","status-publish","format-standard","hentry","category-general"],"_links":{"self":[{"href":"https:\/\/www.easp.es\/web\/bimbela\/wp-json\/wp\/v2\/posts\/2238","targetHints":{"allow":["GET"]}}],"collection":[{"href":"https:\/\/www.easp.es\/web\/bimbela\/wp-json\/wp\/v2\/posts"}],"about":[{"href":"https:\/\/www.easp.es\/web\/bimbela\/wp-json\/wp\/v2\/types\/post"}],"author":[{"embeddable":true,"href":"https:\/\/www.easp.es\/web\/bimbela\/wp-json\/wp\/v2\/users\/2"}],"replies":[{"embeddable":true,"href":"https:\/\/www.easp.es\/web\/bimbela\/wp-json\/wp\/v2\/comments?post=2238"}],"version-history":[{"count":4,"href":"https:\/\/www.easp.es\/web\/bimbela\/wp-json\/wp\/v2\/posts\/2238\/revisions"}],"predecessor-version":[{"id":2246,"href":"https:\/\/www.easp.es\/web\/bimbela\/wp-json\/wp\/v2\/posts\/2238\/revisions\/2246"}],"wp:attachment":[{"href":"https:\/\/www.easp.es\/web\/bimbela\/wp-json\/wp\/v2\/media?parent=2238"}],"wp:term":[{"taxonomy":"category","embeddable":true,"href":"https:\/\/www.easp.es\/web\/bimbela\/wp-json\/wp\/v2\/categories?post=2238"},{"taxonomy":"post_tag","embeddable":true,"href":"https:\/\/www.easp.es\/web\/bimbela\/wp-json\/wp\/v2\/tags?post=2238"}],"curies":[{"name":"wp","href":"https:\/\/api.w.org\/{rel}","templated":true}]}}