{"id":2253,"date":"2024-07-17T08:54:01","date_gmt":"2024-07-17T08:54:01","guid":{"rendered":"https:\/\/www.easp.es\/web\/bimbela\/?p=2253"},"modified":"2024-07-17T08:54:01","modified_gmt":"2024-07-17T08:54:01","slug":"entrevista-en-youtube","status":"publish","type":"post","link":"https:\/\/www.easp.es\/web\/bimbela\/2024\/07\/entrevista-en-youtube\/","title":{"rendered":"ENTREVISTA en YouTube"},"content":{"rendered":"\n<p>El pasado 4 de julio, <strong>Carolina Hern\u00e1ndez<\/strong> me entrevist\u00f3.<\/p>\n\n\n\n<p>Carolina Hern\u00e1ndez es Licenciada en Ciencias de la Comunicaci\u00f3n y actualmente ejerce como locutora comercial y \u00a0de doblaje. Adem\u00e1s, desde 2020, tiene un proyecto en YouTube llamado \u00ab<em>Palabra de Rudolf Steiner<\/em>\u00ab, en el que comparte la obra y legado del fil\u00f3sofo Rudolf Steiner.<\/p>\n\n\n\n<p>Qued\u00e9 muy contento con la entrevista de Carolina. Fue respetuosa y paciente. Ejerciendo una escucha activa que facilit\u00f3 una comunicaci\u00f3n fluida y confiada. Me ayud\u00f3 a sintetizar y a reflexionar. <\/p>\n\n\n\n<p>Hablamos de la bondad y de las emociones. Del suicidio y del dolor. De las luces y de las sombras. De las distintas dimensiones de la salud. Y de muchas otras cosas\u2026<\/p>\n\n\n\n<p>Gracias, <strong>Carolina<\/strong>.<\/p>\n\n\n\n<p>Aqu\u00ed os dejo 2 enlaces con la entrevista: <\/p>\n\n\n\n<ol class=\"wp-block-list\">\n<li>La entrevista \u201ctal cual\u201d en la versi\u00f3n abierta que circula desde el primer momento por YouTube: <a href=\"https:\/\/www.youtube.com\/watch?v=9tYy22SmN9M\" target=\"_blank\" rel=\"noreferrer noopener\">https:\/\/www.youtube.com\/watch?v=9tYy22SmN9M<\/a><\/li>\n\n\n\n<li>La entrevista con el mismo contenido que la anterior y con unos \u201cretoques\u201d de edici\u00f3n que, en palabras de Carolina, la hacen m\u00e1s \u201clinda\u201d: <a href=\"https:\/\/www.youtube.com\/watch?v=S3NZXdHjmC4\" data-type=\"link\" data-id=\"https:\/\/www.youtube.com\/watch?v=S3NZXdHjmC4\">\u00a0https:\/\/www.youtube.com\/watch?v=S3NZXdHjmC4<\/a><\/li>\n<\/ol>\n\n\n\n<figure class=\"wp-block-image size-large\"><img loading=\"lazy\" decoding=\"async\" width=\"1024\" height=\"576\" src=\"https:\/\/www.easp.es\/web\/bimbela\/wp-content\/uploads\/sites\/3\/2024\/07\/Portada-OK-julio-2024-1024x576.jpg\" alt=\"\" class=\"wp-image-2254\" srcset=\"https:\/\/www.easp.es\/web\/bimbela\/wp-content\/uploads\/sites\/3\/2024\/07\/Portada-OK-julio-2024-1024x576.jpg 1024w, https:\/\/www.easp.es\/web\/bimbela\/wp-content\/uploads\/sites\/3\/2024\/07\/Portada-OK-julio-2024-300x169.jpg 300w, https:\/\/www.easp.es\/web\/bimbela\/wp-content\/uploads\/sites\/3\/2024\/07\/Portada-OK-julio-2024-768x432.jpg 768w, https:\/\/www.easp.es\/web\/bimbela\/wp-content\/uploads\/sites\/3\/2024\/07\/Portada-OK-julio-2024-1536x864.jpg 1536w, https:\/\/www.easp.es\/web\/bimbela\/wp-content\/uploads\/sites\/3\/2024\/07\/Portada-OK-julio-2024-1200x675.jpg 1200w, https:\/\/www.easp.es\/web\/bimbela\/wp-content\/uploads\/sites\/3\/2024\/07\/Portada-OK-julio-2024.jpg 1600w\" sizes=\"auto, (max-width: 709px) 85vw, (max-width: 909px) 67vw, (max-width: 1362px) 62vw, 840px\" \/><\/figure>\n\n\n\n<p><\/p>\n\n\n\n<p>Espero, de coraz\u00f3n, que os guste y os ayude a&#8230; seguir pensando, reflexionando, cambiando, pasando a la acci\u00f3n\u2026<\/p>\n\n\n\n<p>Con un c\u00e1lido abrazo desde Granada.<\/p>\n\n\n\n<p><strong>\u00a1\u00a1 Muy feliz verano !!<\/strong><\/p>\n\n\n\n<p>Jos\u00e9 Luis Bimbela Pedrola<\/p>\n\n\n\n<p><\/p>\n\n\n\n<p><\/p>\n","protected":false},"excerpt":{"rendered":"<p>El pasado 4 de julio, Carolina Hern\u00e1ndez me entrevist\u00f3. Carolina Hern\u00e1ndez es Licenciada en Ciencias de la Comunicaci\u00f3n y actualmente ejerce como locutora comercial y \u00a0de doblaje. Adem\u00e1s, desde 2020, tiene un proyecto en YouTube llamado \u00abPalabra de Rudolf Steiner\u00ab, en el que comparte la obra y legado del fil\u00f3sofo Rudolf Steiner. Qued\u00e9 muy contento &hellip; <a href=\"https:\/\/www.easp.es\/web\/bimbela\/2024\/07\/entrevista-en-youtube\/\" class=\"more-link\">Continuar leyendo<span class=\"screen-reader-text\"> \u00abENTREVISTA en YouTube\u00bb<\/span><\/a><\/p>\n","protected":false},"author":2,"featured_media":0,"comment_status":"open","ping_status":"open","sticky":false,"template":"","format":"standard","meta":{"footnotes":""},"categories":[3],"tags":[],"class_list":["post-2253","post","type-post","status-publish","format-standard","hentry","category-general"],"_links":{"self":[{"href":"https:\/\/www.easp.es\/web\/bimbela\/wp-json\/wp\/v2\/posts\/2253","targetHints":{"allow":["GET"]}}],"collection":[{"href":"https:\/\/www.easp.es\/web\/bimbela\/wp-json\/wp\/v2\/posts"}],"about":[{"href":"https:\/\/www.easp.es\/web\/bimbela\/wp-json\/wp\/v2\/types\/post"}],"author":[{"embeddable":true,"href":"https:\/\/www.easp.es\/web\/bimbela\/wp-json\/wp\/v2\/users\/2"}],"replies":[{"embeddable":true,"href":"https:\/\/www.easp.es\/web\/bimbela\/wp-json\/wp\/v2\/comments?post=2253"}],"version-history":[{"count":1,"href":"https:\/\/www.easp.es\/web\/bimbela\/wp-json\/wp\/v2\/posts\/2253\/revisions"}],"predecessor-version":[{"id":2255,"href":"https:\/\/www.easp.es\/web\/bimbela\/wp-json\/wp\/v2\/posts\/2253\/revisions\/2255"}],"wp:attachment":[{"href":"https:\/\/www.easp.es\/web\/bimbela\/wp-json\/wp\/v2\/media?parent=2253"}],"wp:term":[{"taxonomy":"category","embeddable":true,"href":"https:\/\/www.easp.es\/web\/bimbela\/wp-json\/wp\/v2\/categories?post=2253"},{"taxonomy":"post_tag","embeddable":true,"href":"https:\/\/www.easp.es\/web\/bimbela\/wp-json\/wp\/v2\/tags?post=2253"}],"curies":[{"name":"wp","href":"https:\/\/api.w.org\/{rel}","templated":true}]}}