{"id":2267,"date":"2024-09-06T16:42:59","date_gmt":"2024-09-06T16:42:59","guid":{"rendered":"https:\/\/www.easp.es\/web\/bimbela\/?p=2267"},"modified":"2024-09-06T16:50:38","modified_gmt":"2024-09-06T16:50:38","slug":"conferencia-en-madrid-el-proximo-lunes-16-de-septiembre","status":"publish","type":"post","link":"https:\/\/www.easp.es\/web\/bimbela\/2024\/09\/conferencia-en-madrid-el-proximo-lunes-16-de-septiembre\/","title":{"rendered":"CONFERENCIA EN MADRID&#8230; EL LUNES 16 DE SEPTIEMBRE"},"content":{"rendered":"\n<p><strong>EL PR\u00d3XIMO LUNES 16 DE SEPTIEMBRE TENDR\u00c9 EL PLACER DE IMPARTIR, EN MADRID, LA CONFERENCIA: <em>\u00a0<\/em><\/strong><em><strong>LA BONDAD PR\u00c1CTICA Y RADICAL\u00a0COMO MOTOR DE TRANSFORMACI\u00d3N DE ORGANIZACIONES ACAD\u00c9MICAS<\/strong><\/em>.<\/p>\n\n\n\n<p>EL ACTO, QUE SE INICIAR\u00c1 A LAS <strong>18H<\/strong>, SE REALIZAR\u00c1 EN EL <strong>SAL\u00d3N DE ACTOS DE LA ESCUELA T\u00c9CNICA SUPERIOR DE INGENIEROS INDUSTRIALES,<\/strong> SITA EN LA CALLE JOS\u00c9 GUTI\u00c9RREZ ABASCAL 2, CHAMART\u00cdN. 28006 MADRID.<\/p>\n\n\n\n<p>La organizaci\u00f3n corre a cargo del <strong>CENTRO DE LIDERAZGO Y TECNOLOG\u00cdA DE LA UNIVERSIDAD POLIT\u00c9CNICA DE MADRID.<\/strong><\/p>\n\n\n\n<p>MUCHAS GRACIAS, <strong>ISABEL Y FALI<\/strong>, POR LA INVITACI\u00d3N<\/p>\n\n\n\n<figure class=\"wp-block-image size-large\"><img loading=\"lazy\" decoding=\"async\" width=\"1024\" height=\"993\" src=\"https:\/\/www.easp.es\/web\/bimbela\/wp-content\/uploads\/sites\/3\/2024\/09\/Captura-de-pantalla_6-9-2024_183827_-1024x993.jpeg\" alt=\"\" class=\"wp-image-2270\" srcset=\"https:\/\/www.easp.es\/web\/bimbela\/wp-content\/uploads\/sites\/3\/2024\/09\/Captura-de-pantalla_6-9-2024_183827_-1024x993.jpeg 1024w, https:\/\/www.easp.es\/web\/bimbela\/wp-content\/uploads\/sites\/3\/2024\/09\/Captura-de-pantalla_6-9-2024_183827_-300x291.jpeg 300w, https:\/\/www.easp.es\/web\/bimbela\/wp-content\/uploads\/sites\/3\/2024\/09\/Captura-de-pantalla_6-9-2024_183827_-768x745.jpeg 768w, https:\/\/www.easp.es\/web\/bimbela\/wp-content\/uploads\/sites\/3\/2024\/09\/Captura-de-pantalla_6-9-2024_183827_.jpeg 1196w\" sizes=\"auto, (max-width: 709px) 85vw, (max-width: 909px) 67vw, (max-width: 1362px) 62vw, 840px\" \/><\/figure>\n\n\n\n<p><strong>OS ESPERO, ILUSIONADO Y ESPERANZADO.<\/strong><\/p>\n\n\n\n<p><strong>UN GRAN ABRAZO DESDE GRANADA<\/strong><\/p>\n\n\n\n<p>JOS\u00c9 LUIS BIMBELA PEDROLA<\/p>\n\n\n\n<p><\/p>\n\n\n\n<p><\/p>\n\n\n\n<p><\/p>\n\n\n\n<p><\/p>\n\n\n\n<p><\/p>\n\n\n\n<p><\/p>\n\n\n\n<p><\/p>\n\n\n\n<p><\/p>\n\n\n\n<p><\/p>\n","protected":false},"excerpt":{"rendered":"<p>EL PR\u00d3XIMO LUNES 16 DE SEPTIEMBRE TENDR\u00c9 EL PLACER DE IMPARTIR, EN MADRID, LA CONFERENCIA: \u00a0LA BONDAD PR\u00c1CTICA Y RADICAL\u00a0COMO MOTOR DE TRANSFORMACI\u00d3N DE ORGANIZACIONES ACAD\u00c9MICAS. EL ACTO, QUE SE INICIAR\u00c1 A LAS 18H, SE REALIZAR\u00c1 EN EL SAL\u00d3N DE ACTOS DE LA ESCUELA T\u00c9CNICA SUPERIOR DE INGENIEROS INDUSTRIALES, SITA EN LA CALLE JOS\u00c9 GUTI\u00c9RREZ &hellip; <a href=\"https:\/\/www.easp.es\/web\/bimbela\/2024\/09\/conferencia-en-madrid-el-proximo-lunes-16-de-septiembre\/\" class=\"more-link\">Continuar leyendo<span class=\"screen-reader-text\"> \u00abCONFERENCIA EN MADRID&#8230; EL LUNES 16 DE SEPTIEMBRE\u00bb<\/span><\/a><\/p>\n","protected":false},"author":2,"featured_media":0,"comment_status":"open","ping_status":"open","sticky":false,"template":"","format":"standard","meta":{"footnotes":""},"categories":[3],"tags":[],"class_list":["post-2267","post","type-post","status-publish","format-standard","hentry","category-general"],"_links":{"self":[{"href":"https:\/\/www.easp.es\/web\/bimbela\/wp-json\/wp\/v2\/posts\/2267","targetHints":{"allow":["GET"]}}],"collection":[{"href":"https:\/\/www.easp.es\/web\/bimbela\/wp-json\/wp\/v2\/posts"}],"about":[{"href":"https:\/\/www.easp.es\/web\/bimbela\/wp-json\/wp\/v2\/types\/post"}],"author":[{"embeddable":true,"href":"https:\/\/www.easp.es\/web\/bimbela\/wp-json\/wp\/v2\/users\/2"}],"replies":[{"embeddable":true,"href":"https:\/\/www.easp.es\/web\/bimbela\/wp-json\/wp\/v2\/comments?post=2267"}],"version-history":[{"count":2,"href":"https:\/\/www.easp.es\/web\/bimbela\/wp-json\/wp\/v2\/posts\/2267\/revisions"}],"predecessor-version":[{"id":2273,"href":"https:\/\/www.easp.es\/web\/bimbela\/wp-json\/wp\/v2\/posts\/2267\/revisions\/2273"}],"wp:attachment":[{"href":"https:\/\/www.easp.es\/web\/bimbela\/wp-json\/wp\/v2\/media?parent=2267"}],"wp:term":[{"taxonomy":"category","embeddable":true,"href":"https:\/\/www.easp.es\/web\/bimbela\/wp-json\/wp\/v2\/categories?post=2267"},{"taxonomy":"post_tag","embeddable":true,"href":"https:\/\/www.easp.es\/web\/bimbela\/wp-json\/wp\/v2\/tags?post=2267"}],"curies":[{"name":"wp","href":"https:\/\/api.w.org\/{rel}","templated":true}]}}