{"id":2280,"date":"2024-09-20T08:23:06","date_gmt":"2024-09-20T08:23:06","guid":{"rendered":"https:\/\/www.easp.es\/web\/bimbela\/?p=2280"},"modified":"2024-09-20T08:27:10","modified_gmt":"2024-09-20T08:27:10","slug":"apasionante-inauguracion-en-madrid","status":"publish","type":"post","link":"https:\/\/www.easp.es\/web\/bimbela\/2024\/09\/apasionante-inauguracion-en-madrid\/","title":{"rendered":"APASIONANTE INAUGURACI\u00d3N DEL CURSO ACAD\u00c9MICO EN MADRID"},"content":{"rendered":"\n<p>EL PASADO LUNES 16 DE SEPTIEMBRE Y CON MOTIVO DE LA INAUGURACI\u00d3N DEL CURSO ACAD\u00c9MICO DEL <strong>CENTRO DE LIDERAZGO Y TECNOLOG\u00cdA (CLT) <\/strong>DE LA UNIVERSIDAD POLIT\u00c9CNICA DE MADRID, IMPART\u00cd LA CONFERENCIA <strong><em>\u00abBONDAD PR\u00c1CTICA Y RADICAL COMO MOTOR DE TRANSFORMACI\u00d3N DE ORGANIZACIONES ACAD\u00c9MICAS\u00bb.<\/em><\/strong><\/p>\n\n\n\n<p>ANTE TODO&#8230; ALGUNOS AGRADECIMIENTOS:<\/p>\n\n\n\n<p>GRACIAS A <strong>ISABEL ORTIZ<\/strong> (DIRECTORA del CLT) Y A <strong>RAFAEL MOLINA<\/strong> (COORDINADOR DEL CLT) POR LA ESTIMULANTE Y RETADORA INVITACI\u00d3N. Y POR LOS EMOTIVOS PRE Y POST (FORMALES E INFORMALES).<\/p>\n\n\n\n<p>GRACIAS A <strong>\u00d3SCAR GARC\u00cdA<\/strong> (DIRECTOR DE LA ESCUELA T\u00c9CNICA SUPERIOR DE INGENIEROS INDUSTRIALES, EN LA QUE SE DESARROLL\u00d3 EL ACTO) POR LA C\u00c1LIDA BIENVENIDA Y LA ACTIVA ASISTENCIA (EN LO VERBAL Y EN LO NO VERBAL). <\/p>\n\n\n\n<p>GRACIAS A <strong>LOS Y A LAS ASISTENTES<\/strong><em> <\/em>POR EL INTER\u00c9S, LA ENTREGA Y LA PASI\u00d3N&#8230; ANTES, DURANTE Y DESPU\u00c9S DE LA CONFERENCIA.  FUE ALGO INOLVIDABLE.<\/p>\n\n\n\n<figure class=\"wp-block-image size-large\"><img loading=\"lazy\" decoding=\"async\" width=\"1024\" height=\"768\" src=\"https:\/\/www.easp.es\/web\/bimbela\/wp-content\/uploads\/sites\/3\/2024\/09\/IMG-20240916-WA0016-1024x768.jpg\" alt=\"\" class=\"wp-image-2281\" srcset=\"https:\/\/www.easp.es\/web\/bimbela\/wp-content\/uploads\/sites\/3\/2024\/09\/IMG-20240916-WA0016-1024x768.jpg 1024w, https:\/\/www.easp.es\/web\/bimbela\/wp-content\/uploads\/sites\/3\/2024\/09\/IMG-20240916-WA0016-300x225.jpg 300w, https:\/\/www.easp.es\/web\/bimbela\/wp-content\/uploads\/sites\/3\/2024\/09\/IMG-20240916-WA0016-768x576.jpg 768w, https:\/\/www.easp.es\/web\/bimbela\/wp-content\/uploads\/sites\/3\/2024\/09\/IMG-20240916-WA0016-1536x1152.jpg 1536w, https:\/\/www.easp.es\/web\/bimbela\/wp-content\/uploads\/sites\/3\/2024\/09\/IMG-20240916-WA0016-1200x900.jpg 1200w, https:\/\/www.easp.es\/web\/bimbela\/wp-content\/uploads\/sites\/3\/2024\/09\/IMG-20240916-WA0016.jpg 2000w\" sizes=\"auto, (max-width: 709px) 85vw, (max-width: 909px) 67vw, (max-width: 1362px) 62vw, 840px\" \/><\/figure>\n\n\n\n<p>CON RAFAEL Y \u00d3SCAR&#8230;<\/p>\n\n\n\n<figure class=\"wp-block-image size-large\"><img loading=\"lazy\" decoding=\"async\" width=\"771\" height=\"1024\" src=\"https:\/\/www.easp.es\/web\/bimbela\/wp-content\/uploads\/sites\/3\/2024\/09\/IMG-20240918-WA0021-771x1024.jpg\" alt=\"\" class=\"wp-image-2282\" srcset=\"https:\/\/www.easp.es\/web\/bimbela\/wp-content\/uploads\/sites\/3\/2024\/09\/IMG-20240918-WA0021-771x1024.jpg 771w, https:\/\/www.easp.es\/web\/bimbela\/wp-content\/uploads\/sites\/3\/2024\/09\/IMG-20240918-WA0021-226x300.jpg 226w, https:\/\/www.easp.es\/web\/bimbela\/wp-content\/uploads\/sites\/3\/2024\/09\/IMG-20240918-WA0021-768x1020.jpg 768w, https:\/\/www.easp.es\/web\/bimbela\/wp-content\/uploads\/sites\/3\/2024\/09\/IMG-20240918-WA0021-1157x1536.jpg 1157w, https:\/\/www.easp.es\/web\/bimbela\/wp-content\/uploads\/sites\/3\/2024\/09\/IMG-20240918-WA0021-1200x1594.jpg 1200w, https:\/\/www.easp.es\/web\/bimbela\/wp-content\/uploads\/sites\/3\/2024\/09\/IMG-20240918-WA0021.jpg 1536w\" sizes=\"auto, (max-width: 709px) 85vw, (max-width: 909px) 67vw, (max-width: 984px) 61vw, (max-width: 1362px) 45vw, 600px\" \/><\/figure>\n\n\n\n<p>HABLANDO DE SALUD \u00c9TICA Y BONDAD&#8230;<\/p>\n\n\n\n<figure class=\"wp-block-image size-large\"><img loading=\"lazy\" decoding=\"async\" width=\"768\" height=\"1024\" src=\"https:\/\/www.easp.es\/web\/bimbela\/wp-content\/uploads\/sites\/3\/2024\/09\/IMG-20240920-WA0021-768x1024.jpg\" alt=\"\" class=\"wp-image-2283\" srcset=\"https:\/\/www.easp.es\/web\/bimbela\/wp-content\/uploads\/sites\/3\/2024\/09\/IMG-20240920-WA0021-768x1024.jpg 768w, https:\/\/www.easp.es\/web\/bimbela\/wp-content\/uploads\/sites\/3\/2024\/09\/IMG-20240920-WA0021-225x300.jpg 225w, https:\/\/www.easp.es\/web\/bimbela\/wp-content\/uploads\/sites\/3\/2024\/09\/IMG-20240920-WA0021-1152x1536.jpg 1152w, https:\/\/www.easp.es\/web\/bimbela\/wp-content\/uploads\/sites\/3\/2024\/09\/IMG-20240920-WA0021-1200x1600.jpg 1200w, https:\/\/www.easp.es\/web\/bimbela\/wp-content\/uploads\/sites\/3\/2024\/09\/IMG-20240920-WA0021.jpg 1536w\" sizes=\"auto, (max-width: 709px) 85vw, (max-width: 909px) 67vw, (max-width: 984px) 61vw, (max-width: 1362px) 45vw, 600px\" \/><\/figure>\n\n\n\n<p>ISABEL CERRANDO EL ACTO&#8230;<\/p>\n\n\n\n<p><strong>CON UN GRAN ABRAZO DESDE GRANADA, LLENO DE AGRADECIMIENTO Y FELICIDAD.<\/strong><\/p>\n\n\n\n<p>Jos\u00e9 Luis Bimbela Pedrola<\/p>\n\n\n\n<p><\/p>\n\n\n\n<p><\/p>\n\n\n\n<p><\/p>\n\n\n\n<p><\/p>\n\n\n\n<p><\/p>\n\n\n\n<p><\/p>\n\n\n\n<p><\/p>\n\n\n\n<p><\/p>\n","protected":false},"excerpt":{"rendered":"<p>EL PASADO LUNES 16 DE SEPTIEMBRE Y CON MOTIVO DE LA INAUGURACI\u00d3N DEL CURSO ACAD\u00c9MICO DEL CENTRO DE LIDERAZGO Y TECNOLOG\u00cdA (CLT) DE LA UNIVERSIDAD POLIT\u00c9CNICA DE MADRID, IMPART\u00cd LA CONFERENCIA \u00abBONDAD PR\u00c1CTICA Y RADICAL COMO MOTOR DE TRANSFORMACI\u00d3N DE ORGANIZACIONES ACAD\u00c9MICAS\u00bb. ANTE TODO&#8230; ALGUNOS AGRADECIMIENTOS: GRACIAS A ISABEL ORTIZ (DIRECTORA del CLT) Y A &hellip; <a href=\"https:\/\/www.easp.es\/web\/bimbela\/2024\/09\/apasionante-inauguracion-en-madrid\/\" class=\"more-link\">Continuar leyendo<span class=\"screen-reader-text\"> \u00abAPASIONANTE INAUGURACI\u00d3N DEL CURSO ACAD\u00c9MICO EN MADRID\u00bb<\/span><\/a><\/p>\n","protected":false},"author":2,"featured_media":0,"comment_status":"open","ping_status":"open","sticky":false,"template":"","format":"standard","meta":{"footnotes":""},"categories":[3],"tags":[],"class_list":["post-2280","post","type-post","status-publish","format-standard","hentry","category-general"],"_links":{"self":[{"href":"https:\/\/www.easp.es\/web\/bimbela\/wp-json\/wp\/v2\/posts\/2280","targetHints":{"allow":["GET"]}}],"collection":[{"href":"https:\/\/www.easp.es\/web\/bimbela\/wp-json\/wp\/v2\/posts"}],"about":[{"href":"https:\/\/www.easp.es\/web\/bimbela\/wp-json\/wp\/v2\/types\/post"}],"author":[{"embeddable":true,"href":"https:\/\/www.easp.es\/web\/bimbela\/wp-json\/wp\/v2\/users\/2"}],"replies":[{"embeddable":true,"href":"https:\/\/www.easp.es\/web\/bimbela\/wp-json\/wp\/v2\/comments?post=2280"}],"version-history":[{"count":3,"href":"https:\/\/www.easp.es\/web\/bimbela\/wp-json\/wp\/v2\/posts\/2280\/revisions"}],"predecessor-version":[{"id":2286,"href":"https:\/\/www.easp.es\/web\/bimbela\/wp-json\/wp\/v2\/posts\/2280\/revisions\/2286"}],"wp:attachment":[{"href":"https:\/\/www.easp.es\/web\/bimbela\/wp-json\/wp\/v2\/media?parent=2280"}],"wp:term":[{"taxonomy":"category","embeddable":true,"href":"https:\/\/www.easp.es\/web\/bimbela\/wp-json\/wp\/v2\/categories?post=2280"},{"taxonomy":"post_tag","embeddable":true,"href":"https:\/\/www.easp.es\/web\/bimbela\/wp-json\/wp\/v2\/tags?post=2280"}],"curies":[{"name":"wp","href":"https:\/\/api.w.org\/{rel}","templated":true}]}}