{"id":2494,"date":"2025-09-20T06:24:09","date_gmt":"2025-09-20T06:24:09","guid":{"rendered":"https:\/\/www.easp.es\/web\/bimbela\/?p=2494"},"modified":"2025-09-21T05:50:03","modified_gmt":"2025-09-21T05:50:03","slug":"foto-conmemorativa-y-agradecimientos","status":"publish","type":"post","link":"https:\/\/www.easp.es\/web\/bimbela\/2025\/09\/foto-conmemorativa-y-agradecimientos\/","title":{"rendered":"FOTO CONMEMORATIVA Y AGRADECIMIENTOS"},"content":{"rendered":"\n<p>Y&#8230; A\u00d1ADO, HOY <strong>S\u00c1BADO 20 DE SEPTIEMBRE<\/strong>, TRAS LA PRESENTACI\u00d3N DE AYER EN MADRID, UNA <strong>FOTO<\/strong> CONMEMORATIVA DEL ACTO CELEBRADO EN LA <strong>UNIVERSIDAD CEU SAN PABLO<\/strong>, Y MIS <strong>AGRADECIMIENTOS<\/strong>, POR UN ACTO QUE RESULT\u00d3 EMOTIVO, INTELECTUALMENTE INTENSO Y MUY INSPIRADOR.<\/p>\n\n\n\n<p><strong>GRACIAS<\/strong>, DE CORAZ\u00d3N, A TODAS LAS INSTITUCIONES Y PERSONAS QUE HAN HECHO POSIBLE ESTE <strong><em>DEC\u00c1LOGO \u00c9TICO PARA LA HUMANIZACI\u00d3N Y EL USO DE TECNOLOG\u00cdAS EN SALUD<\/em><\/strong>, QUE NACE CON VOCACI\u00d3N DE CONVERTIRSE EN UN INSTRUMENTO \u00daTIL TANTO PARA LA REFLEXI\u00d3N SOSEGADA Y PROFUNDA COMO PARA LA ACCI\u00d3N PREVENTIVA Y TRANSFORMADORA.<\/p>\n\n\n\n<p>A LA EDITORIAL CEU EDICIONES.<\/p>\n\n\n\n<p>A LA UNIVERSIDAD CEU SAN PABLO.<\/p>\n\n\n\n<p>A LA FUNDACI\u00d3N HUMANS.<\/p>\n\n\n\n<p>AL COORDINADOR DE LA OBRA, JOS\u00c9 ANTONIO MART\u00cdN URRIALDE.<\/p>\n\n\n\n<p> Y, DESDE LUEGO, A LOS AUTORES (por orden de aparici\u00f3n en el documento): EMILIANO BLASCO, JULIO ZARCO, ANTONIO PI\u00d1AS, JOS\u00c9 LUIS BIMBELA, JOS\u00c9 ANTONIO MART\u00cdN, BENJAM\u00cdN HERREROS, CARLOS ROYO, FERNANDO LOLAS, CARLOS GALLEGO, TOM\u00c1S CHIVATO. <\/p>\n\n\n\n<p><strong>\u00a1\u00a1 GRACIAS, GRACIAS, GRACIAS !!<\/strong><\/p>\n\n\n\n<figure class=\"wp-block-image size-large\"><img loading=\"lazy\" decoding=\"async\" width=\"1024\" height=\"733\" src=\"https:\/\/www.easp.es\/web\/bimbela\/wp-content\/uploads\/sites\/3\/2025\/09\/Primer-plano-grupo-autores-NEW-1024x733.jpg\" alt=\"\" class=\"wp-image-2500\" srcset=\"https:\/\/www.easp.es\/web\/bimbela\/wp-content\/uploads\/sites\/3\/2025\/09\/Primer-plano-grupo-autores-NEW-1024x733.jpg 1024w, https:\/\/www.easp.es\/web\/bimbela\/wp-content\/uploads\/sites\/3\/2025\/09\/Primer-plano-grupo-autores-NEW-300x215.jpg 300w, https:\/\/www.easp.es\/web\/bimbela\/wp-content\/uploads\/sites\/3\/2025\/09\/Primer-plano-grupo-autores-NEW-768x550.jpg 768w, https:\/\/www.easp.es\/web\/bimbela\/wp-content\/uploads\/sites\/3\/2025\/09\/Primer-plano-grupo-autores-NEW-1200x859.jpg 1200w, https:\/\/www.easp.es\/web\/bimbela\/wp-content\/uploads\/sites\/3\/2025\/09\/Primer-plano-grupo-autores-NEW.jpg 1409w\" sizes=\"auto, (max-width: 709px) 85vw, (max-width: 909px) 67vw, (max-width: 1362px) 62vw, 840px\" \/><\/figure>\n\n\n\n<p><\/p>\n\n\n\n<p><\/p>\n","protected":false},"excerpt":{"rendered":"<p>Y&#8230; A\u00d1ADO, HOY S\u00c1BADO 20 DE SEPTIEMBRE, TRAS LA PRESENTACI\u00d3N DE AYER EN MADRID, UNA FOTO CONMEMORATIVA DEL ACTO CELEBRADO EN LA UNIVERSIDAD CEU SAN PABLO, Y MIS AGRADECIMIENTOS, POR UN ACTO QUE RESULT\u00d3 EMOTIVO, INTELECTUALMENTE INTENSO Y MUY INSPIRADOR. GRACIAS, DE CORAZ\u00d3N, A TODAS LAS INSTITUCIONES Y PERSONAS QUE HAN HECHO POSIBLE ESTE DEC\u00c1LOGO &hellip; <a href=\"https:\/\/www.easp.es\/web\/bimbela\/2025\/09\/foto-conmemorativa-y-agradecimientos\/\" class=\"more-link\">Continuar leyendo<span class=\"screen-reader-text\"> \u00abFOTO CONMEMORATIVA Y AGRADECIMIENTOS\u00bb<\/span><\/a><\/p>\n","protected":false},"author":2,"featured_media":0,"comment_status":"open","ping_status":"open","sticky":false,"template":"","format":"standard","meta":{"footnotes":""},"categories":[3],"tags":[],"class_list":["post-2494","post","type-post","status-publish","format-standard","hentry","category-general"],"_links":{"self":[{"href":"https:\/\/www.easp.es\/web\/bimbela\/wp-json\/wp\/v2\/posts\/2494","targetHints":{"allow":["GET"]}}],"collection":[{"href":"https:\/\/www.easp.es\/web\/bimbela\/wp-json\/wp\/v2\/posts"}],"about":[{"href":"https:\/\/www.easp.es\/web\/bimbela\/wp-json\/wp\/v2\/types\/post"}],"author":[{"embeddable":true,"href":"https:\/\/www.easp.es\/web\/bimbela\/wp-json\/wp\/v2\/users\/2"}],"replies":[{"embeddable":true,"href":"https:\/\/www.easp.es\/web\/bimbela\/wp-json\/wp\/v2\/comments?post=2494"}],"version-history":[{"count":5,"href":"https:\/\/www.easp.es\/web\/bimbela\/wp-json\/wp\/v2\/posts\/2494\/revisions"}],"predecessor-version":[{"id":2502,"href":"https:\/\/www.easp.es\/web\/bimbela\/wp-json\/wp\/v2\/posts\/2494\/revisions\/2502"}],"wp:attachment":[{"href":"https:\/\/www.easp.es\/web\/bimbela\/wp-json\/wp\/v2\/media?parent=2494"}],"wp:term":[{"taxonomy":"category","embeddable":true,"href":"https:\/\/www.easp.es\/web\/bimbela\/wp-json\/wp\/v2\/categories?post=2494"},{"taxonomy":"post_tag","embeddable":true,"href":"https:\/\/www.easp.es\/web\/bimbela\/wp-json\/wp\/v2\/tags?post=2494"}],"curies":[{"name":"wp","href":"https:\/\/api.w.org\/{rel}","templated":true}]}}