{"id":308,"date":"2011-12-22T11:11:34","date_gmt":"2011-12-22T11:11:34","guid":{"rendered":"http:\/\/bimbela.wordpress.com\/?p=308"},"modified":"2017-08-24T14:41:00","modified_gmt":"2017-08-24T14:41:00","slug":"regalo-recomendacion-invierno-2011-2012","status":"publish","type":"post","link":"https:\/\/www.easp.es\/web\/bimbela\/2011\/12\/regalo-recomendacion-invierno-2011-2012\/","title":{"rendered":"Regalo-recomendaci\u00f3n INVIERNO 2011-2012"},"content":{"rendered":"<p>\u00a1 Ya lleg\u00f3 el invierno ! Y para estas fechas pocas cosas m\u00e1s recomendables que entrar en una c\u00e1lida\u00a0librer\u00eda donde saben del negocio, donde te aconsejan con mimo y paciencia, y donde todos tus sentidos se llenan y se expanden: ese\u00a0olor tan caracter\u00edstico de los libros nuevos (y ese otro tan especial de los usados), ese tacto que descubre texturas\u00a0y tama\u00f1os, esa vista que recrea dise\u00f1os y colores, ese o\u00eddo que recoge sugerencias y comentarios, y ese gusto que saborea las viandas que cada vez m\u00e1s frecuentemente acompa\u00f1an la visita a algunas de ellas.<\/p>\n<p>Por todas esas razones (y alguna m\u00e1s: poner mi granito de arena para que estos entra\u00f1ables y maravillosos lugares no desaparezcan devorados por los \u00abpeces grandes\u00bb), este trimestre mi regalo-recomendaci\u00f3n va a estar ligado a algunas de mis librer\u00edas favoritas.\u00a0\u00a0\u00a0<\/p>\n<p>En Barcelona: <strong><span style=\"color:#000000;\">Negra y Criminal<\/span><\/strong>. C\/ Sal, 5 (Barrio de la Barceloneta)\u00a0 <a href=\"http:\/\/www.negraycriminal.com\">www.negraycriminal.com<\/a><\/p>\n<p>En Madrid: <strong>Tres Rosas Amarillas<\/strong>. C\/San Vicente Ferrer, 34\u00a0 <a href=\"http:\/\/www.tresrosasamarillas.com\">www.tresrosasamarillas.com<\/a><\/p>\n<p>En Palma de Mallorca: <strong>La Biblioteca de Babel<\/strong>. C\/Arab\u00ed, 3\u00a0\u00a0 <a href=\"http:\/\/www.labibliotecadebabel.es\">www.labibliotecadebabel.es<\/a><\/p>\n<p>Tambi\u00e9n en Palma de Mallorca: <strong>Literanta<\/strong>. C\/Can Fortuny, 4A\u00a0\u00a0 <a href=\"http:\/\/www.literanta.com\">www.literanta.com<\/a><\/p>\n<p>En Granada:\u00a0 <strong>Librer\u00eda Sixto<\/strong>. Avenida Madrid, 14\u00a0\u00a0\u00a0\u00a0 <a href=\"http:\/\/www.libreriasixto.com\">www.libreriasixto.com<\/a>\u00a0\u00a0\u00a0\u00a0\u00a0\u00a0\u00a0<\/p>\n<p>En J\u00e1vea (Alicante): <strong>BIBLOS<\/strong>. Avda. Mediterr\u00e1neo, 238 (Frente Parador) <a href=\"http:\/\/www.biblosjavea.com\">www.biblosjavea.com<\/a><\/p>\n<p>\u00a0\u00a0\u00a1 Feliz invierno y feliz degustaci\u00f3n de librer\u00edas !<\/p>\n<p>Por cierto, ser\u00eda estupendo recibir tambi\u00e9n vuestras recomendaciones sobre esas librer\u00edas que tanto y tanto os gustan.<\/p>\n<figure id=\"attachment_320\" aria-describedby=\"caption-attachment-320\" style=\"width: 225px\" class=\"wp-caption alignleft\"><a href=\"https:\/\/www.easp.es\/web\/bimbela\/wp-content\/uploads\/sites\/3\/2011\/12\/b-en-librerc3ada-babel-palma1.jpg\"><img loading=\"lazy\" decoding=\"async\" class=\"size-medium wp-image-320\" title=\"B en La Biblioteca de Babel\" src=\"https:\/\/www.easp.es\/web\/bimbela\/wp-content\/uploads\/sites\/3\/2011\/12\/b-en-librerc3ada-babel-palma1.jpg?w=225\" alt=\"B en La Biblioteca de Babel\" width=\"225\" height=\"300\" srcset=\"https:\/\/www.easp.es\/web\/bimbela\/wp-content\/uploads\/sites\/3\/2011\/12\/b-en-librerc3ada-babel-palma1.jpg 2448w, https:\/\/www.easp.es\/web\/bimbela\/wp-content\/uploads\/sites\/3\/2011\/12\/b-en-librerc3ada-babel-palma1-225x300.jpg 225w, https:\/\/www.easp.es\/web\/bimbela\/wp-content\/uploads\/sites\/3\/2011\/12\/b-en-librerc3ada-babel-palma1-768x1024.jpg 768w\" sizes=\"auto, (max-width: 225px) 85vw, 225px\" \/><\/a><figcaption id=\"caption-attachment-320\" class=\"wp-caption-text\">B en La Biblioteca de Babel<\/figcaption><\/figure>\n","protected":false},"excerpt":{"rendered":"<p>\u00a1 Ya lleg\u00f3 el invierno ! Y para estas fechas pocas cosas m\u00e1s recomendables que entrar en una c\u00e1lida\u00a0librer\u00eda donde saben del negocio, donde te aconsejan con mimo y paciencia, y donde todos tus sentidos se llenan y se expanden: ese\u00a0olor tan caracter\u00edstico de los libros nuevos (y ese otro tan especial de los usados), &hellip; <a href=\"https:\/\/www.easp.es\/web\/bimbela\/2011\/12\/regalo-recomendacion-invierno-2011-2012\/\" class=\"more-link\">Continuar leyendo<span class=\"screen-reader-text\"> \u00abRegalo-recomendaci\u00f3n INVIERNO 2011-2012\u00bb<\/span><\/a><\/p>\n","protected":false},"author":2,"featured_media":0,"comment_status":"open","ping_status":"open","sticky":false,"template":"","format":"standard","meta":{"footnotes":""},"categories":[3],"tags":[],"class_list":["post-308","post","type-post","status-publish","format-standard","hentry","category-general"],"_links":{"self":[{"href":"https:\/\/www.easp.es\/web\/bimbela\/wp-json\/wp\/v2\/posts\/308","targetHints":{"allow":["GET"]}}],"collection":[{"href":"https:\/\/www.easp.es\/web\/bimbela\/wp-json\/wp\/v2\/posts"}],"about":[{"href":"https:\/\/www.easp.es\/web\/bimbela\/wp-json\/wp\/v2\/types\/post"}],"author":[{"embeddable":true,"href":"https:\/\/www.easp.es\/web\/bimbela\/wp-json\/wp\/v2\/users\/2"}],"replies":[{"embeddable":true,"href":"https:\/\/www.easp.es\/web\/bimbela\/wp-json\/wp\/v2\/comments?post=308"}],"version-history":[{"count":2,"href":"https:\/\/www.easp.es\/web\/bimbela\/wp-json\/wp\/v2\/posts\/308\/revisions"}],"predecessor-version":[{"id":896,"href":"https:\/\/www.easp.es\/web\/bimbela\/wp-json\/wp\/v2\/posts\/308\/revisions\/896"}],"wp:attachment":[{"href":"https:\/\/www.easp.es\/web\/bimbela\/wp-json\/wp\/v2\/media?parent=308"}],"wp:term":[{"taxonomy":"category","embeddable":true,"href":"https:\/\/www.easp.es\/web\/bimbela\/wp-json\/wp\/v2\/categories?post=308"},{"taxonomy":"post_tag","embeddable":true,"href":"https:\/\/www.easp.es\/web\/bimbela\/wp-json\/wp\/v2\/tags?post=308"}],"curies":[{"name":"wp","href":"https:\/\/api.w.org\/{rel}","templated":true}]}}