{"id":334,"date":"2012-03-20T10:33:27","date_gmt":"2012-03-20T10:33:27","guid":{"rendered":"http:\/\/bimbela.wordpress.com\/?p=334"},"modified":"2017-08-24T14:40:54","modified_gmt":"2017-08-24T14:40:54","slug":"regalo-recomendacion-primavera-2012","status":"publish","type":"post","link":"https:\/\/www.easp.es\/web\/bimbela\/2012\/03\/regalo-recomendacion-primavera-2012\/","title":{"rendered":"Regalo-recomendaci\u00f3n PRIMAVERA 2012 \u00a1\u00a1"},"content":{"rendered":"<p>\u00a1Ya est\u00e1 aqu\u00ed, ya lleg\u00f3 la PRIMAVERA! Amanecer\u00a0fresco y lluvioso en Granada que acaba de\u00a0convertirse en una ma\u00f1ana luminosa y c\u00e1lida.<\/p>\n<p>El regalo\u00a0de esta estaci\u00f3n tiene que ver con \u00abel alma\u00bb.\u00a0Esa alma que tanto cito\u00a0 \u00faltimamente en mis cursos y conferencias (\u00abSelf counseling, la tecnolog\u00eda con alma\u00bb, \u00abLiderazgo con alma\u00bb, \u00abEl H-alma con h\u00bb, de honestidad, humildad, y hechos). Dice Carlos Boyero que \u00abla t\u00e9cnica sin alma sirve de poco\u00bb. Por todo ello,\u00a0el regalo de este cuatrimestre es un libro. Un libro que me\u00a0recomend\u00f3 Eduardo, gran\u00a0m\u00e9dico y amigo, y que nos ayuda con dulzura y sabidur\u00eda, con claridad y empat\u00eda, a despojarnos de cargas in\u00fatiles y t\u00f3xicas, a vaciar la mochila; y a recuperar libertad y poder desde la\u00a0austeridad y la humildad. Se llama \u00abVivir en el alma\u00bb y est\u00e1 escrito, con maestr\u00eda, por Joan Garriga. Ya me contar\u00e9is.\u00a0\u00a0\u00a0\u00a0\u00a0\u00a0\u00a0\u00a0\u00a0\u00a0\u00a0\u00a0\u00a0\u00a0\u00a0\u00a0\u00a0\u00a0\u00a0\u00a0\u00a0\u00a0\u00a0\u00a0\u00a0\u00a0\u00a0\u00a0\u00a0\u00a0\u00a0\u00a0\u00a0\u00a0\u00a0\u00a0\u00a0\u00a0\u00a0\u00a0\u00a0\u00a0\u00a0\u00a0\u00a0\u00a0\u00a0\u00a0\u00a0\u00a0\u00a0\u00a0\u00a0\u00a0\u00a0\u00a0\u00a0\u00a0\u00a0\u00a0\u00a0\u00a0\u00a0\u00a0\u00a0\u00a0\u00a0\u00a0\u00a0\u00a0\u00a0\u00a0\u00a0\u00a0\u00a0\u00a0\u00a0\u00a0\u00a0\u00a0\u00a0\u00a0\u00a0\u00a0\u00a0\u00a0\u00a0\u00a0\u00a0\u00a0\u00a0\u00a0\u00a0\u00a0\u00a0\u00a0\u00a0\u00a0\u00a0\u00a0\u00a0\u00a0\u00a0\u00a0\u00a0\u00a0\u00a0\u00a0\u00a0\u00a0\u00a0\u00a0\u00a0\u00a0\u00a0\u00a0\u00a0\u00a0\u00a0\u00a0\u00a0\u00a0 Jos\u00e9 Luis Bimbela Pedrola<\/p>\n<p>Y escuchando \u00abMatinada\u00bb de Enric Barbat\u00a0disfruto a\u00fan m\u00e1s de este maravilloso Mar Mediterr\u00e1neo que me acompa\u00f1a (aunque est\u00e9 lejos).<\/p>\n<p><a href=\"https:\/\/www.easp.es\/web\/bimbela\/wp-content\/uploads\/sites\/3\/2012\/03\/b-y-el-mediterrc3a1neo.jpg\"><img loading=\"lazy\" decoding=\"async\" class=\"alignleft size-medium wp-image-338\" title=\"B y el Mediterr\u00e1neo\" src=\"https:\/\/www.easp.es\/web\/bimbela\/wp-content\/uploads\/sites\/3\/2012\/03\/b-y-el-mediterrc3a1neo.jpg?w=300\" alt=\"\" width=\"300\" height=\"225\" srcset=\"https:\/\/www.easp.es\/web\/bimbela\/wp-content\/uploads\/sites\/3\/2012\/03\/b-y-el-mediterrc3a1neo.jpg 3264w, https:\/\/www.easp.es\/web\/bimbela\/wp-content\/uploads\/sites\/3\/2012\/03\/b-y-el-mediterrc3a1neo-300x225.jpg 300w, https:\/\/www.easp.es\/web\/bimbela\/wp-content\/uploads\/sites\/3\/2012\/03\/b-y-el-mediterrc3a1neo-768x576.jpg 768w, https:\/\/www.easp.es\/web\/bimbela\/wp-content\/uploads\/sites\/3\/2012\/03\/b-y-el-mediterrc3a1neo-1024x768.jpg 1024w\" sizes=\"auto, (max-width: 300px) 85vw, 300px\" \/><\/a><\/p>\n","protected":false},"excerpt":{"rendered":"<p>\u00a1Ya est\u00e1 aqu\u00ed, ya lleg\u00f3 la PRIMAVERA! Amanecer\u00a0fresco y lluvioso en Granada que acaba de\u00a0convertirse en una ma\u00f1ana luminosa y c\u00e1lida. El regalo\u00a0de esta estaci\u00f3n tiene que ver con \u00abel alma\u00bb.\u00a0Esa alma que tanto cito\u00a0 \u00faltimamente en mis cursos y conferencias (\u00abSelf counseling, la tecnolog\u00eda con alma\u00bb, \u00abLiderazgo con alma\u00bb, \u00abEl H-alma con h\u00bb, de &hellip; <a href=\"https:\/\/www.easp.es\/web\/bimbela\/2012\/03\/regalo-recomendacion-primavera-2012\/\" class=\"more-link\">Continuar leyendo<span class=\"screen-reader-text\"> \u00abRegalo-recomendaci\u00f3n PRIMAVERA 2012 \u00a1\u00a1\u00bb<\/span><\/a><\/p>\n","protected":false},"author":2,"featured_media":0,"comment_status":"open","ping_status":"open","sticky":false,"template":"","format":"standard","meta":{"footnotes":""},"categories":[3],"tags":[],"class_list":["post-334","post","type-post","status-publish","format-standard","hentry","category-general"],"_links":{"self":[{"href":"https:\/\/www.easp.es\/web\/bimbela\/wp-json\/wp\/v2\/posts\/334","targetHints":{"allow":["GET"]}}],"collection":[{"href":"https:\/\/www.easp.es\/web\/bimbela\/wp-json\/wp\/v2\/posts"}],"about":[{"href":"https:\/\/www.easp.es\/web\/bimbela\/wp-json\/wp\/v2\/types\/post"}],"author":[{"embeddable":true,"href":"https:\/\/www.easp.es\/web\/bimbela\/wp-json\/wp\/v2\/users\/2"}],"replies":[{"embeddable":true,"href":"https:\/\/www.easp.es\/web\/bimbela\/wp-json\/wp\/v2\/comments?post=334"}],"version-history":[{"count":2,"href":"https:\/\/www.easp.es\/web\/bimbela\/wp-json\/wp\/v2\/posts\/334\/revisions"}],"predecessor-version":[{"id":895,"href":"https:\/\/www.easp.es\/web\/bimbela\/wp-json\/wp\/v2\/posts\/334\/revisions\/895"}],"wp:attachment":[{"href":"https:\/\/www.easp.es\/web\/bimbela\/wp-json\/wp\/v2\/media?parent=334"}],"wp:term":[{"taxonomy":"category","embeddable":true,"href":"https:\/\/www.easp.es\/web\/bimbela\/wp-json\/wp\/v2\/categories?post=334"},{"taxonomy":"post_tag","embeddable":true,"href":"https:\/\/www.easp.es\/web\/bimbela\/wp-json\/wp\/v2\/tags?post=334"}],"curies":[{"name":"wp","href":"https:\/\/api.w.org\/{rel}","templated":true}]}}