{"id":354,"date":"2012-06-19T16:25:04","date_gmt":"2012-06-19T16:25:04","guid":{"rendered":"http:\/\/bimbela.wordpress.com\/?p=354"},"modified":"2017-08-24T14:40:47","modified_gmt":"2017-08-24T14:40:47","slug":"regalo-recomendacion-verano-2012","status":"publish","type":"post","link":"https:\/\/www.easp.es\/web\/bimbela\/2012\/06\/regalo-recomendacion-verano-2012\/","title":{"rendered":"Regalo recomendaci\u00f3n VERANO 2012"},"content":{"rendered":"<p>\u00a1\u00a1 Por fin lleg\u00f3 el Verano !!<\/p>\n<p>Y por fin puedo haceros un regalo-recomendaci\u00f3n con la noticia que llevaba tiempo esperando:<\/p>\n<p>La Escuela Andaluzade Salud P\u00fablica (Consejer\u00eda de Salud y Bienestar Social de la Juntade Andaluc\u00eda) y la Fundaci\u00f3 Pere Tarr\u00e9s (Universidad Ram\u00f3n Llull) han llegado a un acuerdo para realizar conjuntamente un\u2026<\/p>\n<p style=\"text-align:center;\"><span style=\"color:#ff0000;\"><strong>M\u00e1ster en Formaci\u00f3n de Asesores Personales <\/strong><\/span><\/p>\n<p style=\"text-align:center;\"><span style=\"color:#ff0000;\"><strong>(Especialistas en Counselling)<\/strong><\/span><\/p>\n<p>Os confieso que era uno de mis sue\u00f1os: Aunar la experiencia, el saber y los valores de estas 2 instituciones a las que\u00a0tanto quiero, para llevar a cabo una formaci\u00f3n de calidad en uno de mis temas fundamentales.<\/p>\n<p>El M\u00e1ster, que tengo el honor y el reto de dirigir,\u00a0ser\u00e1 semipresencial y se desarrollar\u00e1 desde Octubre de 2012 hasta junio de 2014. La parte presencial se realizar\u00e1\u00a0en La Escuela Andaluza de Salud P\u00fablica (Granada). Cada mes,\u00a0un fin de semana\u00a0 (Viernes tarde y S\u00e1bado ma\u00f1ana).<\/p>\n<p>Tengo tambi\u00e9n el placer de pasaros ya un link para que teng\u00e1is informaci\u00f3n m\u00e1s detallada y pod\u00e1is incluso inscribiros directamente en el mismo.<\/p>\n<p><span style=\"color:#ff0000;\"><a href=\"https:\/\/www.easp.es\/cursos?idCurso=1209020012\"><span style=\"color:#ff0000;\">https:\/\/www.easp.es\/cursos?idCurso=1209020012<\/span><\/a><\/span><\/p>\n<p>Pienso, de coraz\u00f3n, que en estos tiempos que corren, las estrategias, habilidades, t\u00e9cnicas y principios \u00e9ticos que representa el Counselling tienen no s\u00f3lo m\u00e1s vigencia que nunca, sino que se hacen imprescindibles para que todos juntos podamos construir un mundo mejor, m\u00e1s saludable, m\u00e1s justo y, como consecuencia, m\u00e1s feliz.<\/p>\n<p>Las crisis abren oportunidades. Es el momento de aprovecharlas. El cambio, a mejor es posible. Y en nuestras manos est\u00e1.<\/p>\n<p>Os espero.<\/p>\n<p>Jos\u00e9 Luis Bimbela Pedrola<\/p>\n<p>PD: Este verano llega con \u00abdoble regalo\u00bb. Aqu\u00ed va el otro. Espero que os guste:\u00a0\u00a0editorial: <a title=\"http:\/\/www.index-f.com\/memoria\/9\/9300.php\" href=\"http:\/\/www.index-f.com\/memoria\/9\/9300.php\">http:\/\/www.index-f.com\/memoria\/9\/9300.php<\/a><\/p>\n<div><\/div>\n<div><\/div>\n<p><a href=\"https:\/\/www.easp.es\/web\/bimbela\/wp-content\/uploads\/sites\/3\/2012\/07\/b-en-ibiza20121.jpg\"><img loading=\"lazy\" decoding=\"async\" class=\"size-medium wp-image-371\" title=\"B en Ibiza2012\" src=\"https:\/\/www.easp.es\/web\/bimbela\/wp-content\/uploads\/sites\/3\/2012\/07\/b-en-ibiza20121.jpg?w=300\" alt=\"B en Ibiza\" width=\"300\" height=\"225\" srcset=\"https:\/\/www.easp.es\/web\/bimbela\/wp-content\/uploads\/sites\/3\/2012\/07\/b-en-ibiza20121.jpg 3264w, https:\/\/www.easp.es\/web\/bimbela\/wp-content\/uploads\/sites\/3\/2012\/07\/b-en-ibiza20121-300x225.jpg 300w, https:\/\/www.easp.es\/web\/bimbela\/wp-content\/uploads\/sites\/3\/2012\/07\/b-en-ibiza20121-768x576.jpg 768w, https:\/\/www.easp.es\/web\/bimbela\/wp-content\/uploads\/sites\/3\/2012\/07\/b-en-ibiza20121-1024x768.jpg 1024w\" sizes=\"auto, (max-width: 300px) 85vw, 300px\" \/><\/a><\/p>\n<\/div>\n","protected":false},"excerpt":{"rendered":"<p>\u00a1\u00a1 Por fin lleg\u00f3 el Verano !! Y por fin puedo haceros un regalo-recomendaci\u00f3n con la noticia que llevaba tiempo esperando: La Escuela Andaluzade Salud P\u00fablica (Consejer\u00eda de Salud y Bienestar Social de la Juntade Andaluc\u00eda) y la Fundaci\u00f3 Pere Tarr\u00e9s (Universidad Ram\u00f3n Llull) han llegado a un acuerdo para realizar conjuntamente un\u2026 M\u00e1ster en &hellip; <a href=\"https:\/\/www.easp.es\/web\/bimbela\/2012\/06\/regalo-recomendacion-verano-2012\/\" class=\"more-link\">Continuar leyendo<span class=\"screen-reader-text\"> \u00abRegalo recomendaci\u00f3n VERANO 2012\u00bb<\/span><\/a><\/p>\n","protected":false},"author":2,"featured_media":0,"comment_status":"open","ping_status":"open","sticky":false,"template":"","format":"standard","meta":{"footnotes":""},"categories":[3],"tags":[],"class_list":["post-354","post","type-post","status-publish","format-standard","hentry","category-general"],"_links":{"self":[{"href":"https:\/\/www.easp.es\/web\/bimbela\/wp-json\/wp\/v2\/posts\/354","targetHints":{"allow":["GET"]}}],"collection":[{"href":"https:\/\/www.easp.es\/web\/bimbela\/wp-json\/wp\/v2\/posts"}],"about":[{"href":"https:\/\/www.easp.es\/web\/bimbela\/wp-json\/wp\/v2\/types\/post"}],"author":[{"embeddable":true,"href":"https:\/\/www.easp.es\/web\/bimbela\/wp-json\/wp\/v2\/users\/2"}],"replies":[{"embeddable":true,"href":"https:\/\/www.easp.es\/web\/bimbela\/wp-json\/wp\/v2\/comments?post=354"}],"version-history":[{"count":2,"href":"https:\/\/www.easp.es\/web\/bimbela\/wp-json\/wp\/v2\/posts\/354\/revisions"}],"predecessor-version":[{"id":894,"href":"https:\/\/www.easp.es\/web\/bimbela\/wp-json\/wp\/v2\/posts\/354\/revisions\/894"}],"wp:attachment":[{"href":"https:\/\/www.easp.es\/web\/bimbela\/wp-json\/wp\/v2\/media?parent=354"}],"wp:term":[{"taxonomy":"category","embeddable":true,"href":"https:\/\/www.easp.es\/web\/bimbela\/wp-json\/wp\/v2\/categories?post=354"},{"taxonomy":"post_tag","embeddable":true,"href":"https:\/\/www.easp.es\/web\/bimbela\/wp-json\/wp\/v2\/tags?post=354"}],"curies":[{"name":"wp","href":"https:\/\/api.w.org\/{rel}","templated":true}]}}