{"id":375,"date":"2012-09-24T07:33:19","date_gmt":"2012-09-24T07:33:19","guid":{"rendered":"http:\/\/bimbela.wordpress.com\/?p=375"},"modified":"2017-08-24T14:40:42","modified_gmt":"2017-08-24T14:40:42","slug":"regalo-recomendacion-otono-2012","status":"publish","type":"post","link":"https:\/\/www.easp.es\/web\/bimbela\/2012\/09\/regalo-recomendacion-otono-2012\/","title":{"rendered":"REGALO-RECOMENDACI\u00d3N OTO\u00d1O 2012"},"content":{"rendered":"<p>Ya lleg\u00f3 el oto\u00f1o. Y llegaron las lluvias. Y llegaron los reencuentros con compa\u00f1eros de trabajo, con clientes, con amigos, con familiares. Y llegaron tambi\u00e9n algunos desencuentros. Por eso, el regalo-recomendaci\u00f3n de este cuatrimestre es una palabra, una palabra que he redescubierto estos d\u00edas leyendo el \u00faltimo libro de Fernando Savater \u00ab<em>\u00c9tica de urgencia<\/em>\u00ab: <strong><span style=\"color:#ff0000;text-decoration:underline;\">MIRAMIENTOS<\/span>.<\/strong><\/p>\n<p>Dice la Real Academia Espa\u00f1ola sobre dicha palabra:\u00a01. Acci\u00f3n de mirar, atender o considerar algo.\u00a0\u00a02. Respeto, atenci\u00f3n y circunspecci\u00f3n que se observan al ejecutar una acci\u00f3n o se guardan a una persona.<\/p>\n<p>Dice Fernando Savater: \u00abMiramientos es una palabra espa\u00f1ola muy significativa, que expresa muy bien la disposici\u00f3n \u00e9tica. Presupone que vamos a mirar a los otros, que vamos a fijarnos en c\u00f3mo son y qu\u00e9 necesitan\u00bb<\/p>\n<p>Os propongo pues un oto\u00f1o con miramientos, hacia los dem\u00e1s y hacia uno mismo. Observando con detenimiento sus acciones y las m\u00edas. Escuchando con atenci\u00f3n sus deseos y sus miedos (y haciendo lo mismo con los m\u00edos). Intentando enterderles, comprenderles, y ponerme en su lugar; para poder pedirles luego que se pongan tambi\u00e9n en el m\u00edo.\u00a0Cuidando mucho, mimando, lo que digo y c\u00f3mo lo digo.\u00a0\u00a0Los otros\u00a0se lo merecen, yo tambi\u00e9n.<\/p>\n<p>\u00a1 FELIZ OTO\u00d1O \u00a1<\/p>\n<p>Jos\u00e9 Luis Bimbela<\/p>\n<p>&nbsp;<\/p>\n<figure id=\"attachment_386\" aria-describedby=\"caption-attachment-386\" style=\"width: 225px\" class=\"wp-caption alignleft\"><a href=\"https:\/\/www.easp.es\/web\/bimbela\/wp-content\/uploads\/sites\/3\/2012\/09\/b-en-deia-31.jpg\"><img loading=\"lazy\" decoding=\"async\" class=\"size-medium wp-image-386\" title=\"B en Dei\u00e1 - Mallorca\" src=\"https:\/\/www.easp.es\/web\/bimbela\/wp-content\/uploads\/sites\/3\/2012\/09\/b-en-deia-31.jpg?w=225\" alt=\"B en Dei\u00e1 - Mallorca\" width=\"225\" height=\"300\" srcset=\"https:\/\/www.easp.es\/web\/bimbela\/wp-content\/uploads\/sites\/3\/2012\/09\/b-en-deia-31.jpg 2448w, https:\/\/www.easp.es\/web\/bimbela\/wp-content\/uploads\/sites\/3\/2012\/09\/b-en-deia-31-225x300.jpg 225w, https:\/\/www.easp.es\/web\/bimbela\/wp-content\/uploads\/sites\/3\/2012\/09\/b-en-deia-31-768x1024.jpg 768w\" sizes=\"auto, (max-width: 225px) 85vw, 225px\" \/><\/a><figcaption id=\"caption-attachment-386\" class=\"wp-caption-text\">B en Dei\u00e1 &#8211; Mallorca<\/figcaption><\/figure>\n","protected":false},"excerpt":{"rendered":"<p>Ya lleg\u00f3 el oto\u00f1o. Y llegaron las lluvias. Y llegaron los reencuentros con compa\u00f1eros de trabajo, con clientes, con amigos, con familiares. Y llegaron tambi\u00e9n algunos desencuentros. Por eso, el regalo-recomendaci\u00f3n de este cuatrimestre es una palabra, una palabra que he redescubierto estos d\u00edas leyendo el \u00faltimo libro de Fernando Savater \u00ab\u00c9tica de urgencia\u00ab: MIRAMIENTOS. &hellip; <a href=\"https:\/\/www.easp.es\/web\/bimbela\/2012\/09\/regalo-recomendacion-otono-2012\/\" class=\"more-link\">Continuar leyendo<span class=\"screen-reader-text\"> \u00abREGALO-RECOMENDACI\u00d3N OTO\u00d1O 2012\u00bb<\/span><\/a><\/p>\n","protected":false},"author":2,"featured_media":0,"comment_status":"open","ping_status":"open","sticky":false,"template":"","format":"standard","meta":{"footnotes":""},"categories":[3],"tags":[],"class_list":["post-375","post","type-post","status-publish","format-standard","hentry","category-general"],"_links":{"self":[{"href":"https:\/\/www.easp.es\/web\/bimbela\/wp-json\/wp\/v2\/posts\/375","targetHints":{"allow":["GET"]}}],"collection":[{"href":"https:\/\/www.easp.es\/web\/bimbela\/wp-json\/wp\/v2\/posts"}],"about":[{"href":"https:\/\/www.easp.es\/web\/bimbela\/wp-json\/wp\/v2\/types\/post"}],"author":[{"embeddable":true,"href":"https:\/\/www.easp.es\/web\/bimbela\/wp-json\/wp\/v2\/users\/2"}],"replies":[{"embeddable":true,"href":"https:\/\/www.easp.es\/web\/bimbela\/wp-json\/wp\/v2\/comments?post=375"}],"version-history":[{"count":2,"href":"https:\/\/www.easp.es\/web\/bimbela\/wp-json\/wp\/v2\/posts\/375\/revisions"}],"predecessor-version":[{"id":893,"href":"https:\/\/www.easp.es\/web\/bimbela\/wp-json\/wp\/v2\/posts\/375\/revisions\/893"}],"wp:attachment":[{"href":"https:\/\/www.easp.es\/web\/bimbela\/wp-json\/wp\/v2\/media?parent=375"}],"wp:term":[{"taxonomy":"category","embeddable":true,"href":"https:\/\/www.easp.es\/web\/bimbela\/wp-json\/wp\/v2\/categories?post=375"},{"taxonomy":"post_tag","embeddable":true,"href":"https:\/\/www.easp.es\/web\/bimbela\/wp-json\/wp\/v2\/tags?post=375"}],"curies":[{"name":"wp","href":"https:\/\/api.w.org\/{rel}","templated":true}]}}