{"id":417,"date":"2013-06-23T10:44:34","date_gmt":"2013-06-23T10:44:34","guid":{"rendered":"http:\/\/bimbela.wordpress.com\/?p=417"},"modified":"2017-08-24T14:40:21","modified_gmt":"2017-08-24T14:40:21","slug":"regalo-recomendacion-verano-2013","status":"publish","type":"post","link":"https:\/\/www.easp.es\/web\/bimbela\/2013\/06\/regalo-recomendacion-verano-2013\/","title":{"rendered":"REGALO VERANO 2013"},"content":{"rendered":"<p>\u00a1Ya lleg\u00f3 el verano!<\/p>\n<p>Esta vez mi regalo va dirigido al cuidado de la salud f\u00edsica. Y muy especialmente a todas aquellas personas que por sus actividades profesionales (docentes, cantantes, actores, pol\u00edticos, oradores, etc.) y\/o personales, sufren con frecuencia de afon\u00eda o disfon\u00eda. \u00a0 \u00a0 \u00a0 \u00a0 \u00a0 \u00a0 \u00a0 \u00a0 \u00a0 \u00a0 \u00a0 \u00a0 \u00a0 \u00a0 \u00a0 \u00a0 \u00a0 \u00a0 \u00a0 \u00a0 \u00a0 \u00a0 \u00a0 \u00a0 \u00a0 \u00a0 \u00a0 \u00a0 \u00a0 \u00a0 \u00a0 \u00a0 \u00a0 \u00a0 \u00a0 \u00a0 \u00a0 \u00a0 \u00a0 \u00a0 \u00a0 \u00a0 \u00a0 \u00a0 \u00a0 \u00a0 \u00a0 \u00a0 \u00a0 \u00a0 \u00a0 Mi \u00faltimo gran descubrimiento:\u00a0 <span style=\"text-decoration:underline;\"><span style=\"color:#888888;text-decoration:underline;\"><strong>ER\u00cdSIMO<\/strong><\/span><\/span> (Sisymbrium officinale), una planta magn\u00edfica para desinflamar la garganta y aclarar la voz. Es f\u00e1cil de encontrar en herborister\u00edas (donde la llaman la \u00abplanta de los cantores\u00bb). Sugiero su uso tanto en infusi\u00f3n (con miel y lim\u00f3n) como en gargarismos. La mejor\u00eda est\u00e1 asegurada.<\/p>\n<p>\u00a1\u00a1 Feliz&#8230; er\u00edsimo verano !!<\/p>\n<p>Jos\u00e9 Luis Bimbela Pedrola<\/p>\n","protected":false},"excerpt":{"rendered":"<p>\u00a1Ya lleg\u00f3 el verano! Esta vez mi regalo va dirigido al cuidado de la salud f\u00edsica. Y muy especialmente a todas aquellas personas que por sus actividades profesionales (docentes, cantantes, actores, pol\u00edticos, oradores, etc.) y\/o personales, sufren con frecuencia de afon\u00eda o disfon\u00eda. \u00a0 \u00a0 \u00a0 \u00a0 \u00a0 \u00a0 \u00a0 \u00a0 \u00a0 \u00a0 \u00a0 \u00a0 &hellip; <a href=\"https:\/\/www.easp.es\/web\/bimbela\/2013\/06\/regalo-recomendacion-verano-2013\/\" class=\"more-link\">Continuar leyendo<span class=\"screen-reader-text\"> \u00abREGALO VERANO 2013\u00bb<\/span><\/a><\/p>\n","protected":false},"author":2,"featured_media":0,"comment_status":"open","ping_status":"open","sticky":false,"template":"","format":"standard","meta":{"footnotes":""},"categories":[3],"tags":[],"class_list":["post-417","post","type-post","status-publish","format-standard","hentry","category-general"],"_links":{"self":[{"href":"https:\/\/www.easp.es\/web\/bimbela\/wp-json\/wp\/v2\/posts\/417","targetHints":{"allow":["GET"]}}],"collection":[{"href":"https:\/\/www.easp.es\/web\/bimbela\/wp-json\/wp\/v2\/posts"}],"about":[{"href":"https:\/\/www.easp.es\/web\/bimbela\/wp-json\/wp\/v2\/types\/post"}],"author":[{"embeddable":true,"href":"https:\/\/www.easp.es\/web\/bimbela\/wp-json\/wp\/v2\/users\/2"}],"replies":[{"embeddable":true,"href":"https:\/\/www.easp.es\/web\/bimbela\/wp-json\/wp\/v2\/comments?post=417"}],"version-history":[{"count":1,"href":"https:\/\/www.easp.es\/web\/bimbela\/wp-json\/wp\/v2\/posts\/417\/revisions"}],"predecessor-version":[{"id":890,"href":"https:\/\/www.easp.es\/web\/bimbela\/wp-json\/wp\/v2\/posts\/417\/revisions\/890"}],"wp:attachment":[{"href":"https:\/\/www.easp.es\/web\/bimbela\/wp-json\/wp\/v2\/media?parent=417"}],"wp:term":[{"taxonomy":"category","embeddable":true,"href":"https:\/\/www.easp.es\/web\/bimbela\/wp-json\/wp\/v2\/categories?post=417"},{"taxonomy":"post_tag","embeddable":true,"href":"https:\/\/www.easp.es\/web\/bimbela\/wp-json\/wp\/v2\/tags?post=417"}],"curies":[{"name":"wp","href":"https:\/\/api.w.org\/{rel}","templated":true}]}}