{"id":547,"date":"2014-06-18T08:16:21","date_gmt":"2014-06-18T08:16:21","guid":{"rendered":"http:\/\/bimbela.wordpress.com\/?p=547"},"modified":"2017-08-24T14:39:37","modified_gmt":"2017-08-24T14:39:37","slug":"regalo-verano-2014","status":"publish","type":"post","link":"https:\/\/www.easp.es\/web\/bimbela\/2014\/06\/regalo-verano-2014\/","title":{"rendered":"REGALO VERANO 2014"},"content":{"rendered":"<p>Casi, casi ya ha llegado el verano. Quedan horas\u2026<\/p>\n<p>Y en estos tiempos estivales donde aprovechamos para relajarnos, descansar y reflexionar con m\u00e1s calma, me voy a permitir recomendaros 3 libros, relacionados con la vida y la muerte \u00a1nada menos!, que he le\u00eddo en los \u00faltimos meses y que me han impactado vivamente: <strong><b>\u201c<em><i>La rid\u00edcula idea de no volver a verte<\/i><\/em>\u201d<\/b><\/strong> de Rosa Montero, <strong><b>\u201c<em><i>Ayudar a morir<\/i><\/em>\u201d<\/b><\/strong> de Iona Heath, y <strong><b>\u201c<em><i>Curaci\u00f3n<\/i><\/em>\u201d<\/b><\/strong> de Enric Corbera.<\/p>\n<p>Espero, de coraz\u00f3n, que los disfrut\u00e9is y os ayuden a pensar, a crecer, a crear y a vivir m\u00e1s saludable y gozosamente \u00a1\u00a1 Feliz y creativo verano \u00a1\u00a1<\/p>\n<p>Jos\u00e9 Luis Bimbela Pedrola<\/p>\n<figure id=\"attachment_553\" aria-describedby=\"caption-attachment-553\" style=\"width: 300px\" class=\"wp-caption alignleft\"><a href=\"https:\/\/www.easp.es\/web\/bimbela\/wp-content\/uploads\/sites\/3\/2014\/06\/b-en-uic-homenaje-a-jovell.jpg\"><img loading=\"lazy\" decoding=\"async\" class=\"size-medium wp-image-553\" src=\"https:\/\/www.easp.es\/web\/bimbela\/wp-content\/uploads\/sites\/3\/2014\/06\/b-en-uic-homenaje-a-jovell.jpg?w=300\" alt=\"HHomenaje a Jovell en la UIC\" width=\"300\" height=\"225\" srcset=\"https:\/\/www.easp.es\/web\/bimbela\/wp-content\/uploads\/sites\/3\/2014\/06\/b-en-uic-homenaje-a-jovell.jpg 4608w, https:\/\/www.easp.es\/web\/bimbela\/wp-content\/uploads\/sites\/3\/2014\/06\/b-en-uic-homenaje-a-jovell-300x225.jpg 300w, https:\/\/www.easp.es\/web\/bimbela\/wp-content\/uploads\/sites\/3\/2014\/06\/b-en-uic-homenaje-a-jovell-768x576.jpg 768w, https:\/\/www.easp.es\/web\/bimbela\/wp-content\/uploads\/sites\/3\/2014\/06\/b-en-uic-homenaje-a-jovell-1024x768.jpg 1024w\" sizes=\"auto, (max-width: 300px) 85vw, 300px\" \/><\/a><figcaption id=\"caption-attachment-553\" class=\"wp-caption-text\">Homenaje a Jovell en la UIC<\/figcaption><\/figure>\n","protected":false},"excerpt":{"rendered":"<p>Casi, casi ya ha llegado el verano. Quedan horas\u2026 Y en estos tiempos estivales donde aprovechamos para relajarnos, descansar y reflexionar con m\u00e1s calma, me voy a permitir recomendaros 3 libros, relacionados con la vida y la muerte \u00a1nada menos!, que he le\u00eddo en los \u00faltimos meses y que me han impactado vivamente: \u201cLa rid\u00edcula &hellip; <a href=\"https:\/\/www.easp.es\/web\/bimbela\/2014\/06\/regalo-verano-2014\/\" class=\"more-link\">Continuar leyendo<span class=\"screen-reader-text\"> \u00abREGALO VERANO 2014\u00bb<\/span><\/a><\/p>\n","protected":false},"author":2,"featured_media":0,"comment_status":"open","ping_status":"open","sticky":false,"template":"","format":"standard","meta":{"footnotes":""},"categories":[3],"tags":[],"class_list":["post-547","post","type-post","status-publish","format-standard","hentry","category-general"],"_links":{"self":[{"href":"https:\/\/www.easp.es\/web\/bimbela\/wp-json\/wp\/v2\/posts\/547","targetHints":{"allow":["GET"]}}],"collection":[{"href":"https:\/\/www.easp.es\/web\/bimbela\/wp-json\/wp\/v2\/posts"}],"about":[{"href":"https:\/\/www.easp.es\/web\/bimbela\/wp-json\/wp\/v2\/types\/post"}],"author":[{"embeddable":true,"href":"https:\/\/www.easp.es\/web\/bimbela\/wp-json\/wp\/v2\/users\/2"}],"replies":[{"embeddable":true,"href":"https:\/\/www.easp.es\/web\/bimbela\/wp-json\/wp\/v2\/comments?post=547"}],"version-history":[{"count":2,"href":"https:\/\/www.easp.es\/web\/bimbela\/wp-json\/wp\/v2\/posts\/547\/revisions"}],"predecessor-version":[{"id":883,"href":"https:\/\/www.easp.es\/web\/bimbela\/wp-json\/wp\/v2\/posts\/547\/revisions\/883"}],"wp:attachment":[{"href":"https:\/\/www.easp.es\/web\/bimbela\/wp-json\/wp\/v2\/media?parent=547"}],"wp:term":[{"taxonomy":"category","embeddable":true,"href":"https:\/\/www.easp.es\/web\/bimbela\/wp-json\/wp\/v2\/categories?post=547"},{"taxonomy":"post_tag","embeddable":true,"href":"https:\/\/www.easp.es\/web\/bimbela\/wp-json\/wp\/v2\/tags?post=547"}],"curies":[{"name":"wp","href":"https:\/\/api.w.org\/{rel}","templated":true}]}}