{"id":560,"date":"2014-09-17T11:35:13","date_gmt":"2014-09-17T11:35:13","guid":{"rendered":"http:\/\/bimbela.wordpress.com\/?p=560"},"modified":"2017-08-24T14:39:19","modified_gmt":"2017-08-24T14:39:19","slug":"regalos-otonales-2014","status":"publish","type":"post","link":"https:\/\/www.easp.es\/web\/bimbela\/2014\/09\/regalos-otonales-2014\/","title":{"rendered":"REGALO OTO\u00d1AL 2014"},"content":{"rendered":"<p>Pronto llegar\u00e1 el oto\u00f1o. He le\u00eddo que este a\u00f1o ser\u00e1 el Martes 23 de Septiembre.\u00a0Me adelanto pues unos d\u00edas y os dejo aqu\u00ed un\u00a0regalito para alegraros (espero) el cambio de estaci\u00f3n.\u00a0Est\u00e1 relacionado\u00a0con un \u00e1rbol fant\u00e1stico (<strong>el tejo<\/strong>) que he descubierto este verano en Mallorca (ver foto) y que me tiene entusiasmado:<\/p>\n<p><iframe loading=\"lazy\" title=\"La magia del tejo (La m\u00e1quina del tiempo BBC 2004 - La vida)\" width=\"840\" height=\"630\" src=\"https:\/\/www.youtube.com\/embed\/BSHVlQvr9NE?feature=oembed\" frameborder=\"0\" allow=\"accelerometer; autoplay; clipboard-write; encrypted-media; gyroscope; picture-in-picture\" allowfullscreen><\/iframe><\/p>\n<p>Espero que lo disfrut\u00e9is y os llene de fuerza y energ\u00eda para\u00a0los pr\u00f3ximos meses. Un c\u00e1lido saludo desde Granada<\/p>\n<p>Jos\u00e9 Luis Bimbela Pedrola<\/p>\n<p><a href=\"https:\/\/www.easp.es\/web\/bimbela\/wp-content\/uploads\/sites\/3\/2014\/09\/jlb-con-tejo2.jpg\"><img loading=\"lazy\" decoding=\"async\" class=\"alignnone size-medium wp-image-567\" src=\"https:\/\/www.easp.es\/web\/bimbela\/wp-content\/uploads\/sites\/3\/2014\/09\/jlb-con-tejo2.jpg?w=225\" alt=\"JLB con Tejo\" width=\"225\" height=\"300\" srcset=\"https:\/\/www.easp.es\/web\/bimbela\/wp-content\/uploads\/sites\/3\/2014\/09\/jlb-con-tejo2.jpg 1536w, https:\/\/www.easp.es\/web\/bimbela\/wp-content\/uploads\/sites\/3\/2014\/09\/jlb-con-tejo2-225x300.jpg 225w, https:\/\/www.easp.es\/web\/bimbela\/wp-content\/uploads\/sites\/3\/2014\/09\/jlb-con-tejo2-768x1024.jpg 768w\" sizes=\"auto, (max-width: 225px) 85vw, 225px\" \/><\/a><\/p>\n","protected":false},"excerpt":{"rendered":"<p>Pronto llegar\u00e1 el oto\u00f1o. He le\u00eddo que este a\u00f1o ser\u00e1 el Martes 23 de Septiembre.\u00a0Me adelanto pues unos d\u00edas y os dejo aqu\u00ed un\u00a0regalito para alegraros (espero) el cambio de estaci\u00f3n.\u00a0Est\u00e1 relacionado\u00a0con un \u00e1rbol fant\u00e1stico (el tejo) que he descubierto este verano en Mallorca (ver foto) y que me tiene entusiasmado: Espero que lo disfrut\u00e9is &hellip; <a href=\"https:\/\/www.easp.es\/web\/bimbela\/2014\/09\/regalos-otonales-2014\/\" class=\"more-link\">Continuar leyendo<span class=\"screen-reader-text\"> \u00abREGALO OTO\u00d1AL 2014\u00bb<\/span><\/a><\/p>\n","protected":false},"author":2,"featured_media":0,"comment_status":"open","ping_status":"open","sticky":false,"template":"","format":"standard","meta":{"footnotes":""},"categories":[3],"tags":[],"class_list":["post-560","post","type-post","status-publish","format-standard","hentry","category-general"],"_links":{"self":[{"href":"https:\/\/www.easp.es\/web\/bimbela\/wp-json\/wp\/v2\/posts\/560","targetHints":{"allow":["GET"]}}],"collection":[{"href":"https:\/\/www.easp.es\/web\/bimbela\/wp-json\/wp\/v2\/posts"}],"about":[{"href":"https:\/\/www.easp.es\/web\/bimbela\/wp-json\/wp\/v2\/types\/post"}],"author":[{"embeddable":true,"href":"https:\/\/www.easp.es\/web\/bimbela\/wp-json\/wp\/v2\/users\/2"}],"replies":[{"embeddable":true,"href":"https:\/\/www.easp.es\/web\/bimbela\/wp-json\/wp\/v2\/comments?post=560"}],"version-history":[{"count":2,"href":"https:\/\/www.easp.es\/web\/bimbela\/wp-json\/wp\/v2\/posts\/560\/revisions"}],"predecessor-version":[{"id":882,"href":"https:\/\/www.easp.es\/web\/bimbela\/wp-json\/wp\/v2\/posts\/560\/revisions\/882"}],"wp:attachment":[{"href":"https:\/\/www.easp.es\/web\/bimbela\/wp-json\/wp\/v2\/media?parent=560"}],"wp:term":[{"taxonomy":"category","embeddable":true,"href":"https:\/\/www.easp.es\/web\/bimbela\/wp-json\/wp\/v2\/categories?post=560"},{"taxonomy":"post_tag","embeddable":true,"href":"https:\/\/www.easp.es\/web\/bimbela\/wp-json\/wp\/v2\/tags?post=560"}],"curies":[{"name":"wp","href":"https:\/\/api.w.org\/{rel}","templated":true}]}}