{"id":759,"date":"2016-11-08T12:00:12","date_gmt":"2016-11-08T12:00:12","guid":{"rendered":"http:\/\/bimbela.es\/?p=759"},"modified":"2017-08-24T14:42:07","modified_gmt":"2017-08-24T14:42:07","slug":"jornada-emocional-en-la-easp","status":"publish","type":"post","link":"https:\/\/www.easp.es\/web\/bimbela\/2016\/11\/jornada-emocional-en-la-easp\/","title":{"rendered":"Jornada EMOCIONAL en la EASP"},"content":{"rendered":"<table>\n<tbody>\n<tr>\n<td><em><strong><span style=\"color:#0000ff;\">\u00a1\u00a1 PRIMICIA EMOCIONAL !!<\/span><\/strong><\/em><\/p>\n<p>El pr\u00f3ximo <span style=\"text-decoration:underline;\"><strong>24 de noviembre<\/strong> <\/span>(Jueves) celebraremos en la Escuela Andaluza de Salud P\u00fablica (EASP) una Jornada presencial sobre \u00ab<strong><em><span style=\"color:#ff0000;\">Cl\u00ednica, emociones y salud<\/span><\/em><em>\u00ab<\/em><\/strong>.<\/p>\n<p>El \u00ab<strong>Men\u00fa<\/strong>\u00bb de la Jornada es muy variado. Con teor\u00eda y pr\u00e1ctica. Con letras y m\u00fasicas. Con qu\u00e9s y c\u00f3mos. Y, desde luego, con <strong>para qu\u00e9s<\/strong>.<\/p>\n<p>Adem\u00e1s, intentaremos contagiar, con dichos y hechos, emociones tan relevantes para la salud como <strong><span style=\"color:#0000ff;\">seguridad, ilusi\u00f3n y optimismo.<\/span> <\/strong><\/p>\n<p><span style=\"color:#000000;\"><strong>Programa (casi definitivo)<\/strong><\/span>: <a href=\"https:\/\/bimbela.files.wordpress.com\/2016\/11\/jornada-emociones-easp-24-nov.pdf\">jornada-emociones-easp-24-nov<\/a><\/p>\n<p>Saludos cordiales desde Granada<\/p>\n<p><strong>JL Bimbela &amp; JC March<\/strong><\/p>\n<p>&nbsp;<\/td>\n<\/tr>\n<\/tbody>\n<\/table>\n","protected":false},"excerpt":{"rendered":"<p>\u00a1\u00a1 PRIMICIA EMOCIONAL !! El pr\u00f3ximo 24 de noviembre (Jueves) celebraremos en la Escuela Andaluza de Salud P\u00fablica (EASP) una Jornada presencial sobre \u00abCl\u00ednica, emociones y salud\u00ab. El \u00abMen\u00fa\u00bb de la Jornada es muy variado. Con teor\u00eda y pr\u00e1ctica. Con letras y m\u00fasicas. Con qu\u00e9s y c\u00f3mos. Y, desde luego, con para qu\u00e9s. Adem\u00e1s, intentaremos &hellip; <a href=\"https:\/\/www.easp.es\/web\/bimbela\/2016\/11\/jornada-emocional-en-la-easp\/\" class=\"more-link\">Continuar leyendo<span class=\"screen-reader-text\"> \u00abJornada EMOCIONAL en la EASP\u00bb<\/span><\/a><\/p>\n","protected":false},"author":2,"featured_media":0,"comment_status":"open","ping_status":"open","sticky":false,"template":"","format":"standard","meta":{"footnotes":""},"categories":[3],"tags":[],"class_list":["post-759","post","type-post","status-publish","format-standard","hentry","category-general"],"_links":{"self":[{"href":"https:\/\/www.easp.es\/web\/bimbela\/wp-json\/wp\/v2\/posts\/759","targetHints":{"allow":["GET"]}}],"collection":[{"href":"https:\/\/www.easp.es\/web\/bimbela\/wp-json\/wp\/v2\/posts"}],"about":[{"href":"https:\/\/www.easp.es\/web\/bimbela\/wp-json\/wp\/v2\/types\/post"}],"author":[{"embeddable":true,"href":"https:\/\/www.easp.es\/web\/bimbela\/wp-json\/wp\/v2\/users\/2"}],"replies":[{"embeddable":true,"href":"https:\/\/www.easp.es\/web\/bimbela\/wp-json\/wp\/v2\/comments?post=759"}],"version-history":[{"count":1,"href":"https:\/\/www.easp.es\/web\/bimbela\/wp-json\/wp\/v2\/posts\/759\/revisions"}],"predecessor-version":[{"id":905,"href":"https:\/\/www.easp.es\/web\/bimbela\/wp-json\/wp\/v2\/posts\/759\/revisions\/905"}],"wp:attachment":[{"href":"https:\/\/www.easp.es\/web\/bimbela\/wp-json\/wp\/v2\/media?parent=759"}],"wp:term":[{"taxonomy":"category","embeddable":true,"href":"https:\/\/www.easp.es\/web\/bimbela\/wp-json\/wp\/v2\/categories?post=759"},{"taxonomy":"post_tag","embeddable":true,"href":"https:\/\/www.easp.es\/web\/bimbela\/wp-json\/wp\/v2\/tags?post=759"}],"curies":[{"name":"wp","href":"https:\/\/api.w.org\/{rel}","templated":true}]}}