{"id":791,"date":"2017-01-27T09:14:01","date_gmt":"2017-01-27T09:14:01","guid":{"rendered":"http:\/\/bimbela.es\/?p=791"},"modified":"2017-08-24T14:42:32","modified_gmt":"2017-08-24T14:42:32","slug":"salud-mental-y-redes-sociales","status":"publish","type":"post","link":"https:\/\/www.easp.es\/web\/bimbela\/2017\/01\/salud-mental-y-redes-sociales\/","title":{"rendered":"SALUD MENTAL y redes sociales"},"content":{"rendered":"<p>\u00bfEs posible un <strong>uso inteligente de las redes sociales<\/strong>? \u00bfC\u00f3mo lograr una <strong>convivencia saludable<\/strong> entre la salud mental y las redes sociales? \u00bfC\u00f3mo <span style=\"text-decoration:underline;\">maximizar ventajas y beneficios<\/span>? \u00bfC\u00f3mo <span style=\"text-decoration:underline;\">minimizar riesgos y da\u00f1os<\/span>?<\/p>\n<p>De todo ello, y de alguna cosa m\u00e1s (tri\u00e1ngulo de las dependencias, rect\u00e1ngulo del poder), hablar\u00e9 el pr\u00f3ximo <strong>LUNES, 30 de Enero, en Zaragoza.<\/strong><\/p>\n<p>El acto se celebrar\u00e1 a las <strong>18,30 en el Centro Joaqu\u00edn Roncal (C\/San Braulio, 5-7). <\/strong>(Se adjunta <span style=\"text-decoration:underline;\">Cartel informativo<\/span>).<\/p>\n<p><a href=\"https:\/\/bimbela.files.wordpress.com\/2017\/01\/cartel-conferencia-redes-sociales-y-salud-mental.pdf\">cartel-conferencia-redes-sociales-y-salud-mental<\/a><\/p>\n<p>\u00a1\u00a1 Os esperamos \u00a1\u00a1<\/p>\n<p>Saludos muy cordiales y feliz d\u00eda.<\/p>\n<p>Jos\u00e9 Luis Bimbela Pedrola<\/p>\n<p>&nbsp;<\/p>\n","protected":false},"excerpt":{"rendered":"<p>\u00bfEs posible un uso inteligente de las redes sociales? \u00bfC\u00f3mo lograr una convivencia saludable entre la salud mental y las redes sociales? \u00bfC\u00f3mo maximizar ventajas y beneficios? \u00bfC\u00f3mo minimizar riesgos y da\u00f1os? De todo ello, y de alguna cosa m\u00e1s (tri\u00e1ngulo de las dependencias, rect\u00e1ngulo del poder), hablar\u00e9 el pr\u00f3ximo LUNES, 30 de Enero, en &hellip; <a href=\"https:\/\/www.easp.es\/web\/bimbela\/2017\/01\/salud-mental-y-redes-sociales\/\" class=\"more-link\">Continuar leyendo<span class=\"screen-reader-text\"> \u00abSALUD MENTAL y redes sociales\u00bb<\/span><\/a><\/p>\n","protected":false},"author":2,"featured_media":0,"comment_status":"open","ping_status":"open","sticky":false,"template":"","format":"standard","meta":{"footnotes":""},"categories":[3],"tags":[],"class_list":["post-791","post","type-post","status-publish","format-standard","hentry","category-general"],"_links":{"self":[{"href":"https:\/\/www.easp.es\/web\/bimbela\/wp-json\/wp\/v2\/posts\/791","targetHints":{"allow":["GET"]}}],"collection":[{"href":"https:\/\/www.easp.es\/web\/bimbela\/wp-json\/wp\/v2\/posts"}],"about":[{"href":"https:\/\/www.easp.es\/web\/bimbela\/wp-json\/wp\/v2\/types\/post"}],"author":[{"embeddable":true,"href":"https:\/\/www.easp.es\/web\/bimbela\/wp-json\/wp\/v2\/users\/2"}],"replies":[{"embeddable":true,"href":"https:\/\/www.easp.es\/web\/bimbela\/wp-json\/wp\/v2\/comments?post=791"}],"version-history":[{"count":1,"href":"https:\/\/www.easp.es\/web\/bimbela\/wp-json\/wp\/v2\/posts\/791\/revisions"}],"predecessor-version":[{"id":909,"href":"https:\/\/www.easp.es\/web\/bimbela\/wp-json\/wp\/v2\/posts\/791\/revisions\/909"}],"wp:attachment":[{"href":"https:\/\/www.easp.es\/web\/bimbela\/wp-json\/wp\/v2\/media?parent=791"}],"wp:term":[{"taxonomy":"category","embeddable":true,"href":"https:\/\/www.easp.es\/web\/bimbela\/wp-json\/wp\/v2\/categories?post=791"},{"taxonomy":"post_tag","embeddable":true,"href":"https:\/\/www.easp.es\/web\/bimbela\/wp-json\/wp\/v2\/tags?post=791"}],"curies":[{"name":"wp","href":"https:\/\/api.w.org\/{rel}","templated":true}]}}