{"id":808,"date":"2017-03-20T08:15:43","date_gmt":"2017-03-20T08:15:43","guid":{"rendered":"http:\/\/bimbela.es\/?p=808"},"modified":"2017-08-24T14:42:51","modified_gmt":"2017-08-24T14:42:51","slug":"primavera-y-felicidad","status":"publish","type":"post","link":"https:\/\/www.easp.es\/web\/bimbela\/2017\/03\/primavera-y-felicidad\/","title":{"rendered":"PRIMAVERA Y FELICIDAD"},"content":{"rendered":"<p>Doble celebraci\u00f3n: Hoy llega la <span style=\"color:#0000ff;\"><strong>Primavera<\/strong><\/span> y hoy, tambi\u00e9n, conmemoramos el <strong><span style=\"color:#0000ff;\">D\u00eda Mundial de la Felicidad.<\/span><\/strong><\/p>\n<p>Ya he comentado alguna vez, en este Blog, que me gusta definir la felicidad como la suma de 4 dimensiones: la <strong><span style=\"color:#0000ff;\">salud f\u00edsica<\/span><\/strong>, la <strong><span style=\"color:#0000ff;\">salud emocion<\/span><span style=\"color:#0000ff;\">al<\/span><\/strong>, la <span style=\"color:#0000ff;\"><strong>salud social<\/strong><\/span>, y la <strong><span style=\"color:#0000ff;\">salud espiritual<\/span><\/strong>. Por ello, me permito adjuntar una entrevista, realizada en el Parque de las Ciencias de Granada, en la que sintetizo algunas de mis ideas sobre el \u00ab<em>Uso saludable de las Redes Sociales<\/em>\u00bb (uno de los temas, por cierto, que \u00faltimamente m\u00e1s angustia est\u00e1 provocando en padres, madres y educadores\/as).<\/p>\n<p><iframe loading=\"lazy\" title=\"S-98 ENTREVISTA: \u00bfC\u00f3mo influyen las Nuevas Tecnolog\u00edas en la Salud Mental?\" width=\"840\" height=\"473\" src=\"https:\/\/www.youtube.com\/embed\/rhq3rg7zqQI?feature=oembed\" frameborder=\"0\" allow=\"accelerometer; autoplay; clipboard-write; encrypted-media; gyroscope; picture-in-picture\" allowfullscreen><\/iframe><\/p>\n<p>Un fuerte abrazo desde Granada<\/p>\n<p>Jos\u00e9 Luis Bimbela Pedrola<\/p>\n<p>&nbsp;<\/p>\n<p>&nbsp;<\/p>\n<p>&nbsp;<\/p>\n<p>&nbsp;<\/p>\n","protected":false},"excerpt":{"rendered":"<p>Doble celebraci\u00f3n: Hoy llega la Primavera y hoy, tambi\u00e9n, conmemoramos el D\u00eda Mundial de la Felicidad. Ya he comentado alguna vez, en este Blog, que me gusta definir la felicidad como la suma de 4 dimensiones: la salud f\u00edsica, la salud emocional, la salud social, y la salud espiritual. Por ello, me permito adjuntar una &hellip; <a href=\"https:\/\/www.easp.es\/web\/bimbela\/2017\/03\/primavera-y-felicidad\/\" class=\"more-link\">Continuar leyendo<span class=\"screen-reader-text\"> \u00abPRIMAVERA Y FELICIDAD\u00bb<\/span><\/a><\/p>\n","protected":false},"author":2,"featured_media":0,"comment_status":"open","ping_status":"open","sticky":false,"template":"","format":"standard","meta":{"footnotes":""},"categories":[3],"tags":[],"class_list":["post-808","post","type-post","status-publish","format-standard","hentry","category-general"],"_links":{"self":[{"href":"https:\/\/www.easp.es\/web\/bimbela\/wp-json\/wp\/v2\/posts\/808","targetHints":{"allow":["GET"]}}],"collection":[{"href":"https:\/\/www.easp.es\/web\/bimbela\/wp-json\/wp\/v2\/posts"}],"about":[{"href":"https:\/\/www.easp.es\/web\/bimbela\/wp-json\/wp\/v2\/types\/post"}],"author":[{"embeddable":true,"href":"https:\/\/www.easp.es\/web\/bimbela\/wp-json\/wp\/v2\/users\/2"}],"replies":[{"embeddable":true,"href":"https:\/\/www.easp.es\/web\/bimbela\/wp-json\/wp\/v2\/comments?post=808"}],"version-history":[{"count":1,"href":"https:\/\/www.easp.es\/web\/bimbela\/wp-json\/wp\/v2\/posts\/808\/revisions"}],"predecessor-version":[{"id":912,"href":"https:\/\/www.easp.es\/web\/bimbela\/wp-json\/wp\/v2\/posts\/808\/revisions\/912"}],"wp:attachment":[{"href":"https:\/\/www.easp.es\/web\/bimbela\/wp-json\/wp\/v2\/media?parent=808"}],"wp:term":[{"taxonomy":"category","embeddable":true,"href":"https:\/\/www.easp.es\/web\/bimbela\/wp-json\/wp\/v2\/categories?post=808"},{"taxonomy":"post_tag","embeddable":true,"href":"https:\/\/www.easp.es\/web\/bimbela\/wp-json\/wp\/v2\/tags?post=808"}],"curies":[{"name":"wp","href":"https:\/\/api.w.org\/{rel}","templated":true}]}}