{"id":811,"date":"2017-05-05T08:48:01","date_gmt":"2017-05-05T08:48:01","guid":{"rendered":"http:\/\/bimbela.es\/?p=811"},"modified":"2017-08-24T14:42:56","modified_gmt":"2017-08-24T14:42:56","slug":"familias-con-alma","status":"publish","type":"post","link":"https:\/\/www.easp.es\/web\/bimbela\/2017\/05\/familias-con-alma\/","title":{"rendered":"FAMILIAS CON ALMA"},"content":{"rendered":"<p>Emotiva conferencia en Zaragoza \u00ab<strong><span style=\"color:#0000ff;\">FAMILIAS CON ALMA<\/span><\/strong>\u00ab, organizada por <span style=\"color:#ff0000;\"><strong>ASAPME<\/strong><\/span> <span style=\"color:#ff0000;\">(Asociaci\u00f3n Aragonesa Pro Salud Mental)<\/span><\/p>\n<p>M\u00e1s informaci\u00f3n en:<\/p>\n<p><a href=\"http:\/\/asapme.org\/psicologo-escritor-jose-luis-bimbela-profundiza-peso-los-valores-la-educacion-emocional\/\">http:\/\/asapme.org\/psicologo-escritor-jose-luis-bimbela-profundiza-peso-los-valores-la-educacion-emocional\/<\/a><\/p>\n<p><a href=\"https:\/\/www.easp.es\/web\/bimbela\/wp-content\/uploads\/sites\/3\/2017\/05\/dsc_0096.jpg\"><img loading=\"lazy\" decoding=\"async\" class=\"alignleft size-medium wp-image-816\" src=\"https:\/\/www.easp.es\/web\/bimbela\/wp-content\/uploads\/sites\/3\/2017\/05\/dsc_0096.jpg?w=300\" alt=\"Bimbela en Zaragoza\" width=\"300\" height=\"199\" srcset=\"https:\/\/www.easp.es\/web\/bimbela\/wp-content\/uploads\/sites\/3\/2017\/05\/dsc_0096.jpg 2256w, https:\/\/www.easp.es\/web\/bimbela\/wp-content\/uploads\/sites\/3\/2017\/05\/dsc_0096-300x199.jpg 300w, https:\/\/www.easp.es\/web\/bimbela\/wp-content\/uploads\/sites\/3\/2017\/05\/dsc_0096-768x509.jpg 768w, https:\/\/www.easp.es\/web\/bimbela\/wp-content\/uploads\/sites\/3\/2017\/05\/dsc_0096-1024x679.jpg 1024w\" sizes=\"auto, (max-width: 300px) 85vw, 300px\" \/><\/a><\/p>\n<p>&nbsp;<\/p>\n<p>&nbsp;<\/p>\n<p>&nbsp;<\/p>\n","protected":false},"excerpt":{"rendered":"<p>Emotiva conferencia en Zaragoza \u00abFAMILIAS CON ALMA\u00ab, organizada por ASAPME (Asociaci\u00f3n Aragonesa Pro Salud Mental) M\u00e1s informaci\u00f3n en: http:\/\/asapme.org\/psicologo-escritor-jose-luis-bimbela-profundiza-peso-los-valores-la-educacion-emocional\/ &nbsp; &nbsp; &nbsp;<\/p>\n","protected":false},"author":2,"featured_media":0,"comment_status":"open","ping_status":"open","sticky":false,"template":"","format":"standard","meta":{"footnotes":""},"categories":[3],"tags":[],"class_list":["post-811","post","type-post","status-publish","format-standard","hentry","category-general"],"_links":{"self":[{"href":"https:\/\/www.easp.es\/web\/bimbela\/wp-json\/wp\/v2\/posts\/811","targetHints":{"allow":["GET"]}}],"collection":[{"href":"https:\/\/www.easp.es\/web\/bimbela\/wp-json\/wp\/v2\/posts"}],"about":[{"href":"https:\/\/www.easp.es\/web\/bimbela\/wp-json\/wp\/v2\/types\/post"}],"author":[{"embeddable":true,"href":"https:\/\/www.easp.es\/web\/bimbela\/wp-json\/wp\/v2\/users\/2"}],"replies":[{"embeddable":true,"href":"https:\/\/www.easp.es\/web\/bimbela\/wp-json\/wp\/v2\/comments?post=811"}],"version-history":[{"count":2,"href":"https:\/\/www.easp.es\/web\/bimbela\/wp-json\/wp\/v2\/posts\/811\/revisions"}],"predecessor-version":[{"id":913,"href":"https:\/\/www.easp.es\/web\/bimbela\/wp-json\/wp\/v2\/posts\/811\/revisions\/913"}],"wp:attachment":[{"href":"https:\/\/www.easp.es\/web\/bimbela\/wp-json\/wp\/v2\/media?parent=811"}],"wp:term":[{"taxonomy":"category","embeddable":true,"href":"https:\/\/www.easp.es\/web\/bimbela\/wp-json\/wp\/v2\/categories?post=811"},{"taxonomy":"post_tag","embeddable":true,"href":"https:\/\/www.easp.es\/web\/bimbela\/wp-json\/wp\/v2\/tags?post=811"}],"curies":[{"name":"wp","href":"https:\/\/api.w.org\/{rel}","templated":true}]}}