{"id":819,"date":"2017-05-08T13:35:16","date_gmt":"2017-05-08T13:35:16","guid":{"rendered":"http:\/\/bimbela.es\/?p=819"},"modified":"2017-08-24T14:43:03","modified_gmt":"2017-08-24T14:43:03","slug":"salud-espiritual-en-la-escuela-andaluza-de-salud-publica","status":"publish","type":"post","link":"https:\/\/www.easp.es\/web\/bimbela\/2017\/05\/salud-espiritual-en-la-escuela-andaluza-de-salud-publica\/","title":{"rendered":"SALUD ESPIRITUAL en la EASP"},"content":{"rendered":"<p>El pr\u00f3ximo <strong>18 de octubre<\/strong>, la Escuela Andaluza de Salud P\u00fablica (EASP) organiza una <strong><a href=\"https:\/\/www.easp.es\/jornada-emociones-salud-espiritual-teoria-y-practica\/\">Jornada sobre \u2018Salud espiritual. Teor\u00eda y pr\u00e1ctica\u2019<\/a><\/strong>.<\/p>\n<p>En la Jornada se promover\u00e1 la <strong><span style=\"color:#ff0000;\">reflexi\u00f3n<\/span><\/strong> (previa a la acci\u00f3n) alrededor de ciertas preguntas: \u00bfC\u00f3mo abordar los aspectos espirituales en el \u00e1mbito <strong>personal y profesional<\/strong>? \u00bfC\u00f3mo mejorar nuestra <strong>propia<\/strong> salud espiritual? \u00bfC\u00f3mo <strong>promover<\/strong> la salud espiritual de los ciudadanos? \u00bfC\u00f3mo dar <strong>sentido<\/strong> a lo que hacemos? \u00bfC\u00f3mo puede influir la salud espiritual en la atenci\u00f3n al <strong>suicidio<\/strong>, el <strong>acoso<\/strong> escolar, la <strong>violencia<\/strong> de g\u00e9nero o la <strong>xenofobia<\/strong>? \u00bfC\u00f3mo puede ayudarnos la salud espiritual a manejar el <strong>dolor<\/strong> y el <strong>sufrimiento<\/strong>?<\/p>\n<p>Y para pasar a la <strong><span style=\"color:#ff0000;\">acci\u00f3n<\/span><\/strong> descubriremos y entrenaremos instrumentos y habilidades relacionadas con la <strong>inteligencia espiritual<\/strong>, las <strong>creencias<\/strong>, los <strong>dones y talentos<\/strong>, el <strong>silencio<\/strong>, la <strong>investigaci\u00f3n<\/strong> y la <strong>aplicaci\u00f3n en la atenci\u00f3n sanitaria<\/strong>.<\/p>\n<p>Inscripci\u00f3n: <strong><a href=\"http:\/\/bit.ly\/2pfHAQU\">http:\/\/bit.ly\/2pfHAQU<\/a><\/strong><\/p>\n<p>Programa: <strong><a href=\"https:\/\/www.easp.es\/jornada-emociones-salud-espiritual-teoria-y-practica\/\">https:\/\/www.easp.es\/jornada-emociones-salud-espiritual-teoria-y-practica\/<\/a><\/strong>.<\/p>\n<p>\u00a1Nos vemos en Granada!<\/p>\n<p>Jos\u00e9 Luis Bimbela Pedrola<\/p>\n<p>&nbsp;<\/p>\n","protected":false},"excerpt":{"rendered":"<p>El pr\u00f3ximo 18 de octubre, la Escuela Andaluza de Salud P\u00fablica (EASP) organiza una Jornada sobre \u2018Salud espiritual. Teor\u00eda y pr\u00e1ctica\u2019. En la Jornada se promover\u00e1 la reflexi\u00f3n (previa a la acci\u00f3n) alrededor de ciertas preguntas: \u00bfC\u00f3mo abordar los aspectos espirituales en el \u00e1mbito personal y profesional? \u00bfC\u00f3mo mejorar nuestra propia salud espiritual? \u00bfC\u00f3mo promover &hellip; <a href=\"https:\/\/www.easp.es\/web\/bimbela\/2017\/05\/salud-espiritual-en-la-escuela-andaluza-de-salud-publica\/\" class=\"more-link\">Continuar leyendo<span class=\"screen-reader-text\"> \u00abSALUD ESPIRITUAL en la EASP\u00bb<\/span><\/a><\/p>\n","protected":false},"author":2,"featured_media":0,"comment_status":"open","ping_status":"open","sticky":false,"template":"","format":"standard","meta":{"footnotes":""},"categories":[3],"tags":[],"class_list":["post-819","post","type-post","status-publish","format-standard","hentry","category-general"],"_links":{"self":[{"href":"https:\/\/www.easp.es\/web\/bimbela\/wp-json\/wp\/v2\/posts\/819","targetHints":{"allow":["GET"]}}],"collection":[{"href":"https:\/\/www.easp.es\/web\/bimbela\/wp-json\/wp\/v2\/posts"}],"about":[{"href":"https:\/\/www.easp.es\/web\/bimbela\/wp-json\/wp\/v2\/types\/post"}],"author":[{"embeddable":true,"href":"https:\/\/www.easp.es\/web\/bimbela\/wp-json\/wp\/v2\/users\/2"}],"replies":[{"embeddable":true,"href":"https:\/\/www.easp.es\/web\/bimbela\/wp-json\/wp\/v2\/comments?post=819"}],"version-history":[{"count":1,"href":"https:\/\/www.easp.es\/web\/bimbela\/wp-json\/wp\/v2\/posts\/819\/revisions"}],"predecessor-version":[{"id":914,"href":"https:\/\/www.easp.es\/web\/bimbela\/wp-json\/wp\/v2\/posts\/819\/revisions\/914"}],"wp:attachment":[{"href":"https:\/\/www.easp.es\/web\/bimbela\/wp-json\/wp\/v2\/media?parent=819"}],"wp:term":[{"taxonomy":"category","embeddable":true,"href":"https:\/\/www.easp.es\/web\/bimbela\/wp-json\/wp\/v2\/categories?post=819"},{"taxonomy":"post_tag","embeddable":true,"href":"https:\/\/www.easp.es\/web\/bimbela\/wp-json\/wp\/v2\/tags?post=819"}],"curies":[{"name":"wp","href":"https:\/\/api.w.org\/{rel}","templated":true}]}}