{"id":977,"date":"2017-10-10T09:28:46","date_gmt":"2017-10-10T09:28:46","guid":{"rendered":"https:\/\/www.easp.es\/web\/bimbela\/?p=977"},"modified":"2017-10-10T09:43:59","modified_gmt":"2017-10-10T09:43:59","slug":"aponia-es-la-palabra","status":"publish","type":"post","link":"https:\/\/www.easp.es\/web\/bimbela\/2017\/10\/aponia-es-la-palabra\/","title":{"rendered":"APON\u00cdA es la palabra"},"content":{"rendered":"<p>En el<strong> XXVI Congreso de la Asociaci\u00f3n Andaluza del Dolor y Asistencia Continuada<\/strong>, celebrado en Granada la pasada semana, propusimos (en la misma Conferencia Inaugural: \u00ab<strong>El alma del dolor<\/strong>\u00ab) la alternativa a la palabra DOLOR.<\/p>\n<p>En <strong><span style=\"color: #000000\">Salud P\u00fablica<\/span><\/strong> hace ya d\u00e9cadas que descubrimos que era mejor (m\u00e1s eficaz y motivador de cambios duraderos) hablar de \u00ab<strong><span style=\"color: #0000ff\">SALUD<\/span><\/strong>\u00bb que de enfermedad. Recientemente, las neurociencias han confirmado lo acertado del cambio.<\/p>\n<p>En <strong><span style=\"color: #000000\">Comunicaci\u00f3n<\/span><\/strong> hace ya a\u00f1os que descubrimos que era mejor (m\u00e1s eficaz y motivador de cambios duraderos) utilizar la \u00ab<strong><span style=\"color: #0000ff\">Y<\/span><\/strong>\u00bb que el pero. Recientemente, las neurociencias han confirmado lo acertado del cambio.<\/p>\n<p>En <strong><span style=\"color: #000000\">Estrategia<\/span><\/strong> hace ya mucho tiempo que descubrimos (de la mano de Josep Torres) que era mejor (m\u00e1s eficaz y motivador de cambios duraderos) hablar de \u00ab<strong><span style=\"color: #0000ff\">Cosas a hacer<\/span><\/strong>\u00bb que de problemas. Recientemente, las neurociencias han confirmado lo acertado del cambio.<\/p>\n<p>\u00bfLo conseguiremos con el DOLOR?<\/p>\n<p>Aqu\u00ed va nuestra propuesta: <strong><span style=\"color: #0000ff\">APON\u00cdA<\/span><\/strong><\/p>\n<p><em><span class=\"_Tgc\">(en griego antiguo: \u1f00\u03c0\u03bf\u03bd\u03af\u03b1) significa ausencia de dolor o sin dolor. El t\u00e9rmino es utilizado por los fil\u00f3sofos epic\u00fareos. <\/span><\/em><\/p>\n<p>&nbsp;<\/p>\n","protected":false},"excerpt":{"rendered":"<p>En el XXVI Congreso de la Asociaci\u00f3n Andaluza del Dolor y Asistencia Continuada, celebrado en Granada la pasada semana, propusimos (en la misma Conferencia Inaugural: \u00abEl alma del dolor\u00ab) la alternativa a la palabra DOLOR. En Salud P\u00fablica hace ya d\u00e9cadas que descubrimos que era mejor (m\u00e1s eficaz y motivador de cambios duraderos) hablar de &hellip; <a href=\"https:\/\/www.easp.es\/web\/bimbela\/2017\/10\/aponia-es-la-palabra\/\" class=\"more-link\">Continuar leyendo<span class=\"screen-reader-text\"> \u00abAPON\u00cdA es la palabra\u00bb<\/span><\/a><\/p>\n","protected":false},"author":2,"featured_media":0,"comment_status":"open","ping_status":"open","sticky":false,"template":"","format":"standard","meta":{"footnotes":""},"categories":[3],"tags":[],"class_list":["post-977","post","type-post","status-publish","format-standard","hentry","category-general"],"_links":{"self":[{"href":"https:\/\/www.easp.es\/web\/bimbela\/wp-json\/wp\/v2\/posts\/977","targetHints":{"allow":["GET"]}}],"collection":[{"href":"https:\/\/www.easp.es\/web\/bimbela\/wp-json\/wp\/v2\/posts"}],"about":[{"href":"https:\/\/www.easp.es\/web\/bimbela\/wp-json\/wp\/v2\/types\/post"}],"author":[{"embeddable":true,"href":"https:\/\/www.easp.es\/web\/bimbela\/wp-json\/wp\/v2\/users\/2"}],"replies":[{"embeddable":true,"href":"https:\/\/www.easp.es\/web\/bimbela\/wp-json\/wp\/v2\/comments?post=977"}],"version-history":[{"count":4,"href":"https:\/\/www.easp.es\/web\/bimbela\/wp-json\/wp\/v2\/posts\/977\/revisions"}],"predecessor-version":[{"id":983,"href":"https:\/\/www.easp.es\/web\/bimbela\/wp-json\/wp\/v2\/posts\/977\/revisions\/983"}],"wp:attachment":[{"href":"https:\/\/www.easp.es\/web\/bimbela\/wp-json\/wp\/v2\/media?parent=977"}],"wp:term":[{"taxonomy":"category","embeddable":true,"href":"https:\/\/www.easp.es\/web\/bimbela\/wp-json\/wp\/v2\/categories?post=977"},{"taxonomy":"post_tag","embeddable":true,"href":"https:\/\/www.easp.es\/web\/bimbela\/wp-json\/wp\/v2\/tags?post=977"}],"curies":[{"name":"wp","href":"https:\/\/api.w.org\/{rel}","templated":true}]}}