{"id":985,"date":"2017-10-15T14:31:05","date_gmt":"2017-10-15T14:31:05","guid":{"rendered":"https:\/\/www.easp.es\/web\/bimbela\/?p=985"},"modified":"2018-10-11T16:51:33","modified_gmt":"2018-10-11T16:51:33","slug":"master-propio-de-comunicacion-para-la-salud-y-el-aprendizaje-mcsa","status":"publish","type":"post","link":"https:\/\/www.easp.es\/web\/bimbela\/2017\/10\/master-propio-de-comunicacion-para-la-salud-y-el-aprendizaje-mcsa\/","title":{"rendered":"M\u00e1ster (propio) de Comunicaci\u00f3n para la Salud y el Aprendizaje (MCSA)"},"content":{"rendered":"<p>Es un enorme placer anunciaros que:<\/p>\n<p><iframe loading=\"lazy\" width=\"840\" height=\"473\" src=\"https:\/\/www.youtube.com\/embed\/0p9piNqO6mk?feature=oembed\" frameborder=\"0\" allow=\"autoplay; encrypted-media\" allowfullscreen><\/iframe><\/p>\n<p>Tendr\u00e1 modalidad Semi-presencial<span style=\"font-size: 1rem\">\u00a0y se iniciar\u00e1 en\u00a0<\/span><strong style=\"font-size: 1rem\">MARZO de 2019 para finalizar en OCTUBRE de 2020.<\/strong><\/p>\n<p>Contempla la realizaci\u00f3n de <strong>6 M\u00f3dulos<\/strong>:<\/p>\n<p><strong>1) Comunicaci\u00f3n con alma; <\/strong><\/p>\n<p><strong>2) Marco general de la comunicaci\u00f3n; <\/strong><\/p>\n<p><strong>3) Comunicaci\u00f3n aplicada en el entorno de la salud; <\/strong><\/p>\n<p><strong>4) Aprender y Ense\u00f1ar en Comunicaci\u00f3n; <\/strong><\/p>\n<p><strong>5) Investigaci\u00f3n en Comunicaci\u00f3n; y <\/strong><\/p>\n<p><strong>6) Trabajo final. <\/strong><\/p>\n<p>Se dirige a todos\/as aquellos\/as profesionales Socio-sanitarios\/as y Formadores\/as que deseen mejorar sus habilidades emocionales (comunicaci\u00f3n intra-personal), sus habilidades comunicacionales (comunicaci\u00f3n inter-personal); y sus habilidades para educar y motivar cambios.<\/p>\n<p>M\u00e1s informaci\u00f3n e inscripciones en: <strong>www.easp.es<\/strong><\/p>\n<p>(para hacer la b\u00fasqueda m\u00e1s f\u00e1cil: poner en el <span style=\"color: #0000ff\">buscador de cursos<\/span>\u00a0el t\u00edtulo completo del M\u00e1ster o&#8230; la palabra clave:\u00a0<strong><span style=\"color: #0000ff\">APRENDIZAJE<\/span><\/strong>)<\/p>\n","protected":false},"excerpt":{"rendered":"<p>Es un enorme placer anunciaros que: Tendr\u00e1 modalidad Semi-presencial\u00a0y se iniciar\u00e1 en\u00a0MARZO de 2019 para finalizar en OCTUBRE de 2020. Contempla la realizaci\u00f3n de 6 M\u00f3dulos: 1) Comunicaci\u00f3n con alma; 2) Marco general de la comunicaci\u00f3n; 3) Comunicaci\u00f3n aplicada en el entorno de la salud; 4) Aprender y Ense\u00f1ar en Comunicaci\u00f3n; 5) Investigaci\u00f3n en Comunicaci\u00f3n; &hellip; <a href=\"https:\/\/www.easp.es\/web\/bimbela\/2017\/10\/master-propio-de-comunicacion-para-la-salud-y-el-aprendizaje-mcsa\/\" class=\"more-link\">Continuar leyendo<span class=\"screen-reader-text\"> \u00abM\u00e1ster (propio) de Comunicaci\u00f3n para la Salud y el Aprendizaje (MCSA)\u00bb<\/span><\/a><\/p>\n","protected":false},"author":2,"featured_media":0,"comment_status":"open","ping_status":"open","sticky":false,"template":"","format":"standard","meta":{"footnotes":""},"categories":[3],"tags":[],"class_list":["post-985","post","type-post","status-publish","format-standard","hentry","category-general"],"_links":{"self":[{"href":"https:\/\/www.easp.es\/web\/bimbela\/wp-json\/wp\/v2\/posts\/985","targetHints":{"allow":["GET"]}}],"collection":[{"href":"https:\/\/www.easp.es\/web\/bimbela\/wp-json\/wp\/v2\/posts"}],"about":[{"href":"https:\/\/www.easp.es\/web\/bimbela\/wp-json\/wp\/v2\/types\/post"}],"author":[{"embeddable":true,"href":"https:\/\/www.easp.es\/web\/bimbela\/wp-json\/wp\/v2\/users\/2"}],"replies":[{"embeddable":true,"href":"https:\/\/www.easp.es\/web\/bimbela\/wp-json\/wp\/v2\/comments?post=985"}],"version-history":[{"count":3,"href":"https:\/\/www.easp.es\/web\/bimbela\/wp-json\/wp\/v2\/posts\/985\/revisions"}],"predecessor-version":[{"id":1140,"href":"https:\/\/www.easp.es\/web\/bimbela\/wp-json\/wp\/v2\/posts\/985\/revisions\/1140"}],"wp:attachment":[{"href":"https:\/\/www.easp.es\/web\/bimbela\/wp-json\/wp\/v2\/media?parent=985"}],"wp:term":[{"taxonomy":"category","embeddable":true,"href":"https:\/\/www.easp.es\/web\/bimbela\/wp-json\/wp\/v2\/categories?post=985"},{"taxonomy":"post_tag","embeddable":true,"href":"https:\/\/www.easp.es\/web\/bimbela\/wp-json\/wp\/v2\/tags?post=985"}],"curies":[{"name":"wp","href":"https:\/\/api.w.org\/{rel}","templated":true}]}}